{"id":1419,"date":"2024-02-23T21:11:55","date_gmt":"2024-02-23T21:11:55","guid":{"rendered":"https:\/\/www.turizmmuhabiri.com\/?p=1419"},"modified":"2024-02-23T21:11:57","modified_gmt":"2024-02-23T21:11:57","slug":"skaldan-sanat-bulusmasi","status":"publish","type":"post","link":"https:\/\/www.turizmmuhabiri.com\/index.php\/2024\/02\/23\/skaldan-sanat-bulusmasi\/","title":{"rendered":"Sk\u00e5l&#8217;dan Sanat Bulu\u015fmas\u0131"},"content":{"rendered":"\n<p>Sk\u00e5l International \u0130stanbul Kul\u00fcb\u00fc \u00fcyeleri ve davetlileri,&nbsp;2006 y\u0131l\u0131nda sanat\u00e7\u0131 Bedri Baykam taraf\u0131ndan kurulan ve T\u00fcrk sanat\u00e7\u0131lar\u0131n\u0131n yan\u0131 s\u0131ra uluslararas\u0131 sergilere de ev sahipli\u011fi yapan Piramid Sanat Merkezi\u2019nde bulu\u015ftu.<\/p>\n\n\n\n<p>Sk\u00e5l \u0130stanbul ailesi \u0130stanbul&#8217;un tarihini, k\u00fclt\u00fcr\u00fcn\u00fc ve dokusunu foto\u011fraf sanat\u00e7\u0131s\u0131 A. Halim Kulaks\u0131z&#8217;\u0131n \u201cMoza-\u0130st\u201d sergisinde deneyimleme f\u0131rsat\u0131 buldu. Sk\u00e5l \u0130stanbul Kul\u00fcb\u00fc d\u00fcn ressam Bedri Baykam\u2019\u0131n \u00f6zel davetiyle bir araya geldi. Sk\u00e5l \u0130stanbul ailesi Piramid Sanat Merkezi&#8217;nde ger\u00e7ekle\u015fen, foto\u011fraf sanat\u00e7\u0131s\u0131 A. Halim Kulaks\u0131z&#8217;\u0131n \u201cMoza-\u0130st\u201d sergisine kat\u0131ld\u0131. Sanat\u00e7\u0131 Bedri Baykam\u2019\u0131n a\u00e7\u0131l\u0131\u015f konu\u015fmas\u0131n\u0131n ard\u0131ndan davetliler sergiyi gezdi.<\/p>\n\n\n<div class=\"wp-block-image\">\n<figure class=\"alignleft size-full is-resized\"><img loading=\"lazy\" decoding=\"async\" width=\"500\" height=\"359\" src=\"https:\/\/www.turizmmuhabiri.com\/wp-content\/uploads\/2024\/02\/Skal-Sanat2.jpg\" alt=\"\" class=\"wp-image-1421\" style=\"width:413px;height:auto\" srcset=\"https:\/\/www.turizmmuhabiri.com\/wp-content\/uploads\/2024\/02\/Skal-Sanat2.jpg 500w, https:\/\/www.turizmmuhabiri.com\/wp-content\/uploads\/2024\/02\/Skal-Sanat2-300x215.jpg 300w\" sizes=\"auto, (max-width: 500px) 100vw, 500px\" \/><\/figure>\n<\/div>\n\n\n<p>Etkinli\u011fe \u0130stanbul Sk\u00e5l Kul\u00fcb\u00fc Ba\u015fkan\u0131 Can Ar\u0131nel, Sk\u00e5l International Eski D\u00fcnya Ba\u015fkan\u0131 H\u00fclya Aslanta\u015f, Sk\u00e5l International Ge\u00e7mi\u015f D\u00f6nem D\u00fcnya Ba\u015fkan\u0131 Bur\u00e7in T\u00fcrkkan, Uluslararas\u0131 Sk\u00e5l Dernekleri Federasyonu Ba\u015fkan\u0131 Orhon Atameri\u00e7, T\u00dcROB &#8211; T\u00fcrkiye Otelciler Birli\u011fi Ba\u015fkan\u0131 M\u00fcberra Eresin\u2019in yan\u0131 s\u0131ra kul\u00fcp \u00fcyeleri kat\u0131ld\u0131.<\/p>\n\n\n\n<p>Sanat ve k\u00fclt\u00fcr\u00fcn ya\u015fam\u0131m\u0131z\u0131n bir par\u00e7as\u0131 oldu\u011funu ve toplumlar\u0131n geli\u015fmesi a\u00e7\u0131s\u0131ndan \u00e7ok \u00f6nemli bir rol oynad\u0131\u011f\u0131n\u0131n belirten &nbsp;Sk\u00e5l \u0130stanbul Ba\u015fkan\u0131 Can Ar\u0131nel; \u201cK\u00fclt\u00fcrel etkinlikler toplumun tarihini, kimli\u011fini ve de\u011ferlerini yans\u0131tman\u0131n ve koruman\u0131n en \u00f6nemli yollar\u0131ndan biridir. Bug\u00fcn burada sanat\u0131n b\u00fcy\u00fcleyici d\u00fcnyas\u0131ndan ilham almam\u0131z\u0131 sa\u011flayan ve \u0130stanbul&#8217;un zenginli\u011fini deneyimlememize vesile olan sevgili Bedri Baykam\u2019a ve Halim Kulaks\u0131z\u2019a \u00e7ok te\u015fekk\u00fcr ediyoruz\u201d dedi.<\/p>\n\n\n\n<p>Sanat ve turizmin birbirini tamamlayan iki unsur oldu\u011funu vurgulayan Bedri Baykam da; \u201cBildi\u011finiz gibi sanat ve turizm \u00e7o\u011fu zaman kol kola gider. \u0130nsanlar\u0131n yeni yerler ke\u015ffederken k\u00fclt\u00fcrel anlamda da zenginle\u015fmelerine olanak tan\u0131r. Konumuz turizm olunca ve serginin ana temas\u0131 da \u0130stanbul olunca sizleri de a\u011f\u0131rlamak istedik. Hem 80. ya\u015f\u0131nda hem de 65. sanat y\u0131l\u0131nda Halim Kulaks\u0131z\u2019\u0131n bu \u00f6zel sergisinde sizlerle bir arada olmaktan son derece mutluyum\u201d dedi.<\/p>\n","protected":false},"excerpt":{"rendered":"<p>Sk\u00e5l International \u0130stanbul Kul\u00fcb\u00fc \u00fcyeleri ve davetlileri,&nbsp;2006 y\u0131l\u0131nda sanat\u00e7\u0131 Bedri Baykam taraf\u0131ndan kurulan ve T\u00fcrk sanat\u00e7\u0131lar\u0131n\u0131n yan\u0131 s\u0131ra uluslararas\u0131 sergilere de ev sahipli\u011fi yapan Piramid Sanat Merkezi\u2019nde bulu\u015ftu. Sk\u00e5l \u0130stanbul ailesi \u0130stanbul&#8217;un tarihini, k\u00fclt\u00fcr\u00fcn\u00fc ve dokusunu foto\u011fraf sanat\u00e7\u0131s\u0131 A. Halim Kulaks\u0131z&#8217;\u0131n \u201cMoza-\u0130st\u201d sergisinde deneyimleme f\u0131rsat\u0131 buldu. Sk\u00e5l \u0130stanbul Kul\u00fcb\u00fc d\u00fcn ressam Bedri Baykam\u2019\u0131n \u00f6zel davetiyle [&hellip;]<\/p>\n","protected":false},"author":1,"featured_media":1420,"comment_status":"open","ping_status":"open","sticky":false,"template":"","format":"standard","meta":{"footnotes":""},"categories":[53],"tags":[556,60,484,557,58],"class_list":{"0":"post-1419","1":"post","2":"type-post","3":"status-publish","4":"format-standard","5":"has-post-thumbnail","7":"category-kultur-sanat","8":"tag-bedri-baykam","9":"tag-can-arinel","10":"tag-muberra-eresin","11":"tag-orhon-atameric","12":"tag-skal"},"_links":{"self":[{"href":"https:\/\/www.turizmmuhabiri.com\/index.php\/wp-json\/wp\/v2\/posts\/1419","targetHints":{"allow":["GET"]}}],"collection":[{"href":"https:\/\/www.turizmmuhabiri.com\/index.php\/wp-json\/wp\/v2\/posts"}],"about":[{"href":"https:\/\/www.turizmmuhabiri.com\/index.php\/wp-json\/wp\/v2\/types\/post"}],"author":[{"embeddable":true,"href":"https:\/\/www.turizmmuhabiri.com\/index.php\/wp-json\/wp\/v2\/users\/1"}],"replies":[{"embeddable":true,"href":"https:\/\/www.turizmmuhabiri.com\/index.php\/wp-json\/wp\/v2\/comments?post=1419"}],"version-history":[{"count":1,"href":"https:\/\/www.turizmmuhabiri.com\/index.php\/wp-json\/wp\/v2\/posts\/1419\/revisions"}],"predecessor-version":[{"id":1422,"href":"https:\/\/www.turizmmuhabiri.com\/index.php\/wp-json\/wp\/v2\/posts\/1419\/revisions\/1422"}],"wp:featuredmedia":[{"embeddable":true,"href":"https:\/\/www.turizmmuhabiri.com\/index.php\/wp-json\/wp\/v2\/media\/1420"}],"wp:attachment":[{"href":"https:\/\/www.turizmmuhabiri.com\/index.php\/wp-json\/wp\/v2\/media?parent=1419"}],"wp:term":[{"taxonomy":"category","embeddable":true,"href":"https:\/\/www.turizmmuhabiri.com\/index.php\/wp-json\/wp\/v2\/categories?post=1419"},{"taxonomy":"post_tag","embeddable":true,"href":"https:\/\/www.turizmmuhabiri.com\/index.php\/wp-json\/wp\/v2\/tags?post=1419"}],"curies":[{"name":"wp","href":"https:\/\/api.w.org\/{rel}","templated":true}]}}