{"id":2223,"date":"2024-05-10T15:56:05","date_gmt":"2024-05-10T15:56:05","guid":{"rendered":"https:\/\/www.turizmmuhabiri.com\/?p=2223"},"modified":"2024-05-10T17:05:55","modified_gmt":"2024-05-10T17:05:55","slug":"yalcin-manavi-kaybettik","status":"publish","type":"post","link":"https:\/\/www.turizmmuhabiri.com\/index.php\/2024\/05\/10\/yalcin-manavi-kaybettik\/","title":{"rendered":"Yal\u00e7\u0131n Manav&#8217;\u0131 Kaybettik"},"content":{"rendered":"\n<p>Turizm sekt\u00f6r\u00fcn\u00fcn duayeni eski Turizm Bakan\u0131 M\u00fcste\u015far Yard\u0131mc\u0131s\u0131 ve eski \u0130stanbul \u0130l Turizm M\u00fcd\u00fcr\u00fc Yal\u00e7\u0131n Manav, ya\u015fam\u0131n\u0131 yitirdi. <\/p>\n\n\n\n<p>37 y\u0131l 9 ay Turizm Bakanl\u0131\u011f\u0131\u2019nda \u00e7e\u015fitli kademelerde hizmette bulunan 16 y\u0131l \u0130stanbul Turizm \u0130l M\u00fcd\u00fcr\u00fc olarak g\u00f6rev yapan Yal\u00e7\u0131n Manav 2002 y\u0131l\u0131nda Turizm Bakanl\u0131\u011f\u0131 M\u00fcste\u015far Yard\u0131mc\u0131l\u0131\u011f\u0131 g\u00f6revinden 2003 y\u0131l\u0131nda emekli olmu\u015ftu. Hayat\u0131 boyunca turizm ile i\u00e7 i\u00e7e olan ve son zamanlar\u0131nda T\u00fcrkiye A\u015f\u00e7\u0131lar ve \u015eefler Federasyonu Ba\u015fkanl\u0131\u011f\u0131 da yapan Yal\u00e7\u0131n Manav yurtd\u0131\u015f\u0131nda \u00e7e\u015fitli \u00fclkelerde a\u015f\u00e7\u0131l\u0131k festivalleri ve yar\u0131\u015fmalar d\u00fczenleyerek T\u00fcrk mutfa\u011f\u0131n\u0131n uluslararas\u0131 alanlarda tan\u0131t\u0131m\u0131 i\u00e7in \u00e7ok \u00e7aba sarf etmi\u015fti. Yal\u00e7\u0131n Manav 83 ya\u015f\u0131ndayd\u0131.<br>Turizm sekt\u00f6r\u00fcn\u00fcn duayeni Yal\u00e7\u0131n Manav&#8217;\u0131n cenazesi 11 May\u0131s 2024 Cumartesi g\u00fcn\u00fc (yar\u0131n), ikindi namaz\u0131nda Atak\u00f6y 5&#8217;inci k\u0131s\u0131m Camii&#8217;nden kald\u0131r\u0131lacak. turizmmuhabiri.com ailesi olarak Yal\u00e7\u0131n a\u011fabeyimize rahmet, kederli ailesine, sevenlerine ve t\u00fcm turizm camias\u0131na ba\u015fsa\u011fl\u0131\u011f\u0131 dileriz.<\/p>\n\n\n<div class=\"wp-block-image\">\n<figure class=\"alignleft size-full\"><img loading=\"lazy\" decoding=\"async\" width=\"300\" height=\"330\" src=\"https:\/\/www.turizmmuhabiri.com\/wp-content\/uploads\/2024\/05\/Manav3.jpg\" alt=\"\" class=\"wp-image-2230\" srcset=\"https:\/\/www.turizmmuhabiri.com\/wp-content\/uploads\/2024\/05\/Manav3.jpg 300w, https:\/\/www.turizmmuhabiri.com\/wp-content\/uploads\/2024\/05\/Manav3-273x300.jpg 273w\" sizes=\"auto, (max-width: 300px) 100vw, 300px\" \/><\/figure>\n<\/div>\n\n\n<p><strong>Yal\u00e7\u0131n Manav Kimdi?<\/strong> 1941 Y\u0131l\u0131nda Malatya\u2019da do\u011fdu. \u0130stanbul \u00dcniversitesi \u0130ktisat Fak\u00fcltesi Gazetecilik b\u00f6l\u00fcm\u00fcnden mezun oldu. 1968 y\u0131l\u0131ndan itibaren 37 y\u0131l 9 ay Turizm Bakanl\u0131\u011f\u0131\u2019nda \u00e7e\u015fitli kademelerde hizmette bulundu. 16 y\u0131l \u0130stanbul Turizm \u0130l M\u00fcd\u00fcr\u00fc olarak g\u00f6rev yapt\u0131. 2002 y\u0131l\u0131nda Turizm Bakanl\u0131\u011f\u0131 M\u00fcste\u015far Yard\u0131mc\u0131l\u0131\u011f\u0131 g\u00f6revini \u00fcstlendi. T\u00fcrk turizm sekt\u00f6r\u00fcn\u00fcn ad\u0131n\u0131 \u00e7ok yak\u0131ndan tan\u0131d\u0131\u011f\u0131 biri olan Yal\u00e7\u0131n Manav T\u00fcrkiye A\u015f\u00e7\u0131lar ve \u015eefler Federasyonu kurdu ve Ba\u015fkanl\u0131\u011f\u0131n\u0131 \u00fcstlendi. Yal\u00e7\u0131n Manav\u2019\u0131n T\u00fcrk a\u015f\u00e7\u0131lar\u0131n\u0131n d\u00fcnyan\u0131n en sayg\u0131n meslek kurulu\u015flar\u0131ndan biri olan D\u00fcnya A\u015f\u00e7\u0131lar Birli\u011fi (WACS) \u00fcyeli\u011fine Dubai Kongresinde kabul edilmesinde b\u00fcy\u00fck pay\u0131 oldu.<\/p>\n\n\n<div class=\"wp-block-image\">\n<figure class=\"alignright size-full\"><img loading=\"lazy\" decoding=\"async\" width=\"326\" height=\"154\" src=\"https:\/\/www.turizmmuhabiri.com\/wp-content\/uploads\/2024\/05\/Manav.jpg\" alt=\"\" class=\"wp-image-2231\" srcset=\"https:\/\/www.turizmmuhabiri.com\/wp-content\/uploads\/2024\/05\/Manav.jpg 326w, https:\/\/www.turizmmuhabiri.com\/wp-content\/uploads\/2024\/05\/Manav-300x142.jpg 300w, https:\/\/www.turizmmuhabiri.com\/wp-content\/uploads\/2024\/05\/Manav-324x154.jpg 324w\" sizes=\"auto, (max-width: 326px) 100vw, 326px\" \/><\/figure>\n<\/div>\n\n\n<p>Yal\u00e7\u0131n Manav\u2019\u0131n ba\u015fkanl\u0131\u011f\u0131n\u0131 yapt\u0131\u011f\u0131, T\u00fcrkiye A\u015f\u00e7\u0131lar ve \u015eefler Federasyonu halen 7 bin 400 \u00fcyesi ve 21 \u00fcye derne\u011fi var. Yal\u00e7\u0131n Manav yurtd\u0131\u015f\u0131nda \u00e7e\u015fitli \u00fclkelerde a\u015f\u00e7\u0131l\u0131k festivalleri ve yar\u0131\u015fmalar d\u00fczenleyerek T\u00fcrk mutfa\u011f\u0131n\u0131n uluslararas\u0131 alanlarda tan\u0131t\u0131m\u0131 i\u00e7in \u00e7ok \u00e7aba sarf etmi\u015fti.<\/p>\n\n\n\n<figure class=\"wp-block-table\"><table><tbody><tr><td><img decoding=\"async\" src=\"https:\/\/lh3.googleusercontent.com\/a\/ACg8ocJI0_rSi3AXHJOiHVQmgFDnf6b-8gRYJJqwoW-Riz9XJUGD3A=s40-p-mo\"><\/td><td><\/td><\/tr><\/tbody><\/table><\/figure>\n\n\n\n<p><\/p>\n\n\n\n<p> (<\/p>\n","protected":false},"excerpt":{"rendered":"<p>Turizm sekt\u00f6r\u00fcn\u00fcn duayeni eski Turizm Bakan\u0131 M\u00fcste\u015far Yard\u0131mc\u0131s\u0131 ve eski \u0130stanbul \u0130l Turizm M\u00fcd\u00fcr\u00fc Yal\u00e7\u0131n Manav, ya\u015fam\u0131n\u0131 yitirdi. 37 y\u0131l 9 ay Turizm Bakanl\u0131\u011f\u0131\u2019nda \u00e7e\u015fitli kademelerde hizmette bulunan 16 y\u0131l \u0130stanbul Turizm \u0130l M\u00fcd\u00fcr\u00fc olarak g\u00f6rev yapan Yal\u00e7\u0131n Manav 2002 y\u0131l\u0131nda Turizm Bakanl\u0131\u011f\u0131 M\u00fcste\u015far Yard\u0131mc\u0131l\u0131\u011f\u0131 g\u00f6revinden 2003 y\u0131l\u0131nda emekli olmu\u015ftu. Hayat\u0131 boyunca turizm ile i\u00e7 [&hellip;]<\/p>\n","protected":false},"author":1,"featured_media":2229,"comment_status":"open","ping_status":"open","sticky":false,"template":"","format":"standard","meta":{"footnotes":""},"categories":[49],"tags":[932,936,937,930],"class_list":{"0":"post-2223","1":"post","2":"type-post","3":"status-publish","4":"format-standard","5":"has-post-thumbnail","7":"category-haber","8":"tag-ascilar-federasyonu","9":"tag-mustesar-2","10":"tag-turizm-duayeni","11":"tag-yalcin-manav"},"_links":{"self":[{"href":"https:\/\/www.turizmmuhabiri.com\/index.php\/wp-json\/wp\/v2\/posts\/2223","targetHints":{"allow":["GET"]}}],"collection":[{"href":"https:\/\/www.turizmmuhabiri.com\/index.php\/wp-json\/wp\/v2\/posts"}],"about":[{"href":"https:\/\/www.turizmmuhabiri.com\/index.php\/wp-json\/wp\/v2\/types\/post"}],"author":[{"embeddable":true,"href":"https:\/\/www.turizmmuhabiri.com\/index.php\/wp-json\/wp\/v2\/users\/1"}],"replies":[{"embeddable":true,"href":"https:\/\/www.turizmmuhabiri.com\/index.php\/wp-json\/wp\/v2\/comments?post=2223"}],"version-history":[{"count":10,"href":"https:\/\/www.turizmmuhabiri.com\/index.php\/wp-json\/wp\/v2\/posts\/2223\/revisions"}],"predecessor-version":[{"id":2254,"href":"https:\/\/www.turizmmuhabiri.com\/index.php\/wp-json\/wp\/v2\/posts\/2223\/revisions\/2254"}],"wp:featuredmedia":[{"embeddable":true,"href":"https:\/\/www.turizmmuhabiri.com\/index.php\/wp-json\/wp\/v2\/media\/2229"}],"wp:attachment":[{"href":"https:\/\/www.turizmmuhabiri.com\/index.php\/wp-json\/wp\/v2\/media?parent=2223"}],"wp:term":[{"taxonomy":"category","embeddable":true,"href":"https:\/\/www.turizmmuhabiri.com\/index.php\/wp-json\/wp\/v2\/categories?post=2223"},{"taxonomy":"post_tag","embeddable":true,"href":"https:\/\/www.turizmmuhabiri.com\/index.php\/wp-json\/wp\/v2\/tags?post=2223"}],"curies":[{"name":"wp","href":"https:\/\/api.w.org\/{rel}","templated":true}]}}