{"id":2601,"date":"2024-06-23T21:27:00","date_gmt":"2024-06-23T21:27:00","guid":{"rendered":"https:\/\/www.turizmmuhabiri.com\/?p=2601"},"modified":"2024-06-23T21:39:47","modified_gmt":"2024-06-23T21:39:47","slug":"ucmayan-kalmasin","status":"publish","type":"post","link":"https:\/\/www.turizmmuhabiri.com\/index.php\/2024\/06\/23\/ucmayan-kalmasin\/","title":{"rendered":"U\u00e7mayan Kalmas\u0131n"},"content":{"rendered":"\n<p>Sivrihisar Havac\u0131l\u0131k Merkezi (S.H.M) Sosyal Sorumluluk Projesi kapsam\u0131nda Eski\u015fehir Necati Artan Tesisleri\u2019nde &#8220;U\u00e7mayan K\u00f6y Kalmas\u0131n&#8221;\u00a0adl\u0131 bir u\u00e7u\u015f etkinli\u011fi d\u00fczenledi. \u00dccretsiz etkinli\u011fe, \u00e7evre k\u00f6ylerden \u00e7ok say\u0131da ki\u015fi kat\u0131ld\u0131 ve hayatlar\u0131nda ilk kez u\u00e7a\u011fa bindi.<\/p>\n\n\n\n<p>Etkinli\u011fe, B\u00f6\u011f\u00fcrtlen, Kad\u0131nc\u0131k ve Hamam Karahisar K\u00f6ylerinden vatanda\u015flar kat\u0131ld\u0131. Bu y\u0131l 8\u2019ncisi d\u00fczenlenen etkinlik yo\u011fun ilgi g\u00f6rd\u00fc. U\u00e7u\u015flar, Cessna 172, Tecnam P91 u\u00e7aklar\u0131 ve Bell407 helikopteri ile ger\u00e7ekle\u015ftirildi. <\/p>\n\n\n<div class=\"wp-block-image\">\n<figure class=\"alignleft size-full is-resized\"><img loading=\"lazy\" decoding=\"async\" width=\"500\" height=\"478\" src=\"https:\/\/www.turizmmuhabiri.com\/wp-content\/uploads\/2024\/06\/ucmayan-kalmadi.jpg\" alt=\"\" class=\"wp-image-2604\" style=\"width:339px;height:auto\" srcset=\"https:\/\/www.turizmmuhabiri.com\/wp-content\/uploads\/2024\/06\/ucmayan-kalmadi.jpg 500w, https:\/\/www.turizmmuhabiri.com\/wp-content\/uploads\/2024\/06\/ucmayan-kalmadi-300x287.jpg 300w, https:\/\/www.turizmmuhabiri.com\/wp-content\/uploads\/2024\/06\/ucmayan-kalmadi-439x420.jpg 439w\" sizes=\"auto, (max-width: 500px) 100vw, 500px\" \/><\/figure>\n<\/div>\n\n\n<p>Bug\u00fcne kadar 5 bine yak\u0131n ki\u015fiyi g\u00f6ky\u00fcz\u00fcyle bulu\u015fturan Sivrihisar Havac\u0131l\u0131k Kul\u00fcb\u00fc Derne\u011fi, etkinlik i\u00e7in birka\u00e7 ay \u00f6ncesinden k\u00f6ylerin muhtarlar\u0131yla ileti\u015fime ge\u00e7ilerek, u\u00e7mak isteyen ki\u015filerin kay\u0131tlar\u0131n\u0131 ald\u0131\u011f\u0131 belirtildi.\u00a0<\/p>\n\n\n<div class=\"wp-block-image\">\n<figure class=\"alignright size-full is-resized\"><img loading=\"lazy\" decoding=\"async\" width=\"500\" height=\"497\" src=\"https:\/\/www.turizmmuhabiri.com\/wp-content\/uploads\/2024\/06\/Koyde-ucak.jpg\" alt=\"\" class=\"wp-image-2605\" style=\"width:320px;height:auto\" srcset=\"https:\/\/www.turizmmuhabiri.com\/wp-content\/uploads\/2024\/06\/Koyde-ucak.jpg 500w, https:\/\/www.turizmmuhabiri.com\/wp-content\/uploads\/2024\/06\/Koyde-ucak-300x298.jpg 300w, https:\/\/www.turizmmuhabiri.com\/wp-content\/uploads\/2024\/06\/Koyde-ucak-150x150.jpg 150w, https:\/\/www.turizmmuhabiri.com\/wp-content\/uploads\/2024\/06\/Koyde-ucak-423x420.jpg 423w\" sizes=\"auto, (max-width: 500px) 100vw, 500px\" \/><\/figure>\n<\/div>\n\n\n<p>Etkinlik i\u00e7in a\u00e7\u0131klama yapan Havac\u0131 Kad\u0131nlar Derne\u011fi Ba\u015fkan\u0131 Pilot, Prof. Dr. Rabia G\u00f6n\u00fcl Sezer Yamanel,\u00a0\u201c\u00dclkemizde havac\u0131l\u0131k k\u00fclt\u00fcr\u00fcn\u00fcn olu\u015fmas\u0131 ve yayg\u0131nla\u015ft\u0131r\u0131lmas\u0131 amac\u0131yla bir sosyal sorumluluk projesi olarak <\/p>\n\n\n\n<p>her y\u0131l bu etkinli\u011fi d\u00fczenleyen Sivrihisar Havac\u0131l\u0131k Kul\u00fcb\u00fc Derne\u011fi, bug\u00fcne kadar \u2018U\u00e7mayan K\u00f6y Kalmas\u0131n\u2019 etkinli\u011fi ile y\u00fczlerce vatanda\u015f\u0131m\u0131z\u0131 \u00fccretsiz u\u00e7urdu. Biz de Havac\u0131 Kad\u0131nlar Derne\u011fi olarak bu projeye katk\u0131da bulunmak istedik. Tecnam P92 hava arac\u0131 ile etkinli\u011fe kat\u0131lan baz\u0131 vatanda\u015flar\u0131m\u0131z\u0131 u\u00e7urduk. U\u00e7u\u015f sonras\u0131 insanlar\u0131n mutlu oldu\u011funu g\u00f6rmek \u00e7ok g\u00fczel bir duygu\u201d dedi.<\/p>\n\n\n\n<figure class=\"wp-block-image size-full is-resized\"><img loading=\"lazy\" decoding=\"async\" width=\"500\" height=\"509\" src=\"https:\/\/www.turizmmuhabiri.com\/wp-content\/uploads\/2024\/06\/koy.jpg\" alt=\"\" class=\"wp-image-2602\" style=\"width:691px;height:auto\" srcset=\"https:\/\/www.turizmmuhabiri.com\/wp-content\/uploads\/2024\/06\/koy.jpg 500w, https:\/\/www.turizmmuhabiri.com\/wp-content\/uploads\/2024\/06\/koy-295x300.jpg 295w, https:\/\/www.turizmmuhabiri.com\/wp-content\/uploads\/2024\/06\/koy-413x420.jpg 413w\" sizes=\"auto, (max-width: 500px) 100vw, 500px\" \/><\/figure>\n\n\n\n<p><\/p>\n","protected":false},"excerpt":{"rendered":"<p>Sivrihisar Havac\u0131l\u0131k Merkezi (S.H.M) Sosyal Sorumluluk Projesi kapsam\u0131nda Eski\u015fehir Necati Artan Tesisleri\u2019nde &#8220;U\u00e7mayan K\u00f6y Kalmas\u0131n&#8221;\u00a0adl\u0131 bir u\u00e7u\u015f etkinli\u011fi d\u00fczenledi. \u00dccretsiz etkinli\u011fe, \u00e7evre k\u00f6ylerden \u00e7ok say\u0131da ki\u015fi kat\u0131ld\u0131 ve hayatlar\u0131nda ilk kez u\u00e7a\u011fa bindi. Etkinli\u011fe, B\u00f6\u011f\u00fcrtlen, Kad\u0131nc\u0131k ve Hamam Karahisar K\u00f6ylerinden vatanda\u015flar kat\u0131ld\u0131. Bu y\u0131l 8\u2019ncisi d\u00fczenlenen etkinlik yo\u011fun ilgi g\u00f6rd\u00fc. U\u00e7u\u015flar, Cessna 172, Tecnam P91 [&hellip;]<\/p>\n","protected":false},"author":1,"featured_media":2603,"comment_status":"open","ping_status":"open","sticky":false,"template":"","format":"standard","meta":{"footnotes":""},"categories":[49],"tags":[483,1060,1061,1059],"class_list":{"0":"post-2601","1":"post","2":"type-post","3":"status-publish","4":"format-standard","5":"has-post-thumbnail","7":"category-haber","8":"tag-eskisehir","9":"tag-havacilik","10":"tag-necati-artan","11":"tag-sivrihisar"},"_links":{"self":[{"href":"https:\/\/www.turizmmuhabiri.com\/index.php\/wp-json\/wp\/v2\/posts\/2601","targetHints":{"allow":["GET"]}}],"collection":[{"href":"https:\/\/www.turizmmuhabiri.com\/index.php\/wp-json\/wp\/v2\/posts"}],"about":[{"href":"https:\/\/www.turizmmuhabiri.com\/index.php\/wp-json\/wp\/v2\/types\/post"}],"author":[{"embeddable":true,"href":"https:\/\/www.turizmmuhabiri.com\/index.php\/wp-json\/wp\/v2\/users\/1"}],"replies":[{"embeddable":true,"href":"https:\/\/www.turizmmuhabiri.com\/index.php\/wp-json\/wp\/v2\/comments?post=2601"}],"version-history":[{"count":2,"href":"https:\/\/www.turizmmuhabiri.com\/index.php\/wp-json\/wp\/v2\/posts\/2601\/revisions"}],"predecessor-version":[{"id":2608,"href":"https:\/\/www.turizmmuhabiri.com\/index.php\/wp-json\/wp\/v2\/posts\/2601\/revisions\/2608"}],"wp:featuredmedia":[{"embeddable":true,"href":"https:\/\/www.turizmmuhabiri.com\/index.php\/wp-json\/wp\/v2\/media\/2603"}],"wp:attachment":[{"href":"https:\/\/www.turizmmuhabiri.com\/index.php\/wp-json\/wp\/v2\/media?parent=2601"}],"wp:term":[{"taxonomy":"category","embeddable":true,"href":"https:\/\/www.turizmmuhabiri.com\/index.php\/wp-json\/wp\/v2\/categories?post=2601"},{"taxonomy":"post_tag","embeddable":true,"href":"https:\/\/www.turizmmuhabiri.com\/index.php\/wp-json\/wp\/v2\/tags?post=2601"}],"curies":[{"name":"wp","href":"https:\/\/api.w.org\/{rel}","templated":true}]}}