{"id":3821,"date":"2024-10-31T20:27:48","date_gmt":"2024-10-31T20:27:48","guid":{"rendered":"https:\/\/www.turizmmuhabiri.com\/?p=3821"},"modified":"2024-10-31T20:44:59","modified_gmt":"2024-10-31T20:44:59","slug":"haydarpasa-ve-sirkecide-trenler-isleyecek","status":"publish","type":"post","link":"https:\/\/www.turizmmuhabiri.com\/index.php\/2024\/10\/31\/haydarpasa-ve-sirkecide-trenler-isleyecek\/","title":{"rendered":"Haydarpa\u015fa ve Sirkeci\u2019de Trenler \u0130\u015fleyecek"},"content":{"rendered":"\n<p>K\u00fclt\u00fcr ve Turizm Bakan\u0131 Mehmet Nuri Ersoy, Haydarpa\u015fa ve Sirkeci Garlar\u0131nda trenlerin 2025 y\u0131l ekim ay\u0131nda \u00e7al\u0131\u015fmaya ba\u015flayacak. Her iki garda da tren olacak, k\u00fclt\u00fcr ve sanat olacak, millet bah\u00e7esi olacak ama burada asla AVM ve otel olmayacak&#8221; dedi.<\/p>\n\n\n\n<p><strong>Cahit Akyol  \/ <\/strong>Bakan Ersoy 2024 y\u0131l\u0131 \u00fc\u00e7\u00fcnc\u00fc \u00e7eyrek turizm rakamlar\u0131n\u0131 \u0130stanbul Atat\u00fcrk K\u00fclt\u00fcr Merkezi&#8217;nde (AKM) d\u00fczenlenen bas\u0131n toplant\u0131s\u0131nda a\u00e7\u0131klad\u0131. Bakan Ersoy konu\u015fmas\u0131nda ziyaret\u00e7i say\u0131s\u0131n\u0131n 2019&#8217;da 41 milyon 565 bin, 2023&#8217;te 45 milyon 230 bin, 2024&#8217;te ise 49 milyon 181 bin oldu\u011funu s\u00f6yledi. Turizmde son 9 aydaki geli\u015fmelere ili\u015fkin bilgiler veren Ersoy, &#8220;B\u00fct\u00fcn bu geli\u015fmeler \u0131\u015f\u0131\u011f\u0131nda y\u0131lsonu ziyaret\u00e7i hedefimizi 61 milyon olarak yukar\u0131 y\u00f6nl\u00fc revize ediyoruz&#8221; dedi.<\/p>\n\n\n\n<figure class=\"wp-block-image size-full is-resized\"><img loading=\"lazy\" decoding=\"async\" width=\"500\" height=\"304\" src=\"https:\/\/www.turizmmuhabiri.com\/wp-content\/uploads\/2024\/10\/Bakan-M.-Nuri-Ersoy.jpg\" alt=\"\" class=\"wp-image-3828\" style=\"width:698px;height:auto\" srcset=\"https:\/\/www.turizmmuhabiri.com\/wp-content\/uploads\/2024\/10\/Bakan-M.-Nuri-Ersoy.jpg 500w, https:\/\/www.turizmmuhabiri.com\/wp-content\/uploads\/2024\/10\/Bakan-M.-Nuri-Ersoy-300x182.jpg 300w\" sizes=\"auto, (max-width: 500px) 100vw, 500px\" \/><\/figure>\n\n\n\n<p><strong>Tren Ta\u015f\u0131mac\u0131l\u0131\u011f\u0131 Devam Edecek<\/strong><\/p>\n\n\n\n<p>Bakan Ersoy, Haydarpa\u015fa ve Sirkeci projelerine ili\u015fkin de bilgiler verdi. &#8220;A\u011fustos 2024&#8217;te Haydarpa\u015fa ve Sirkeci Gar b\u00f6lgeleri ge\u00e7ici s\u00fcreyle K\u00fclt\u00fcr ve Turizm Bakanl\u0131\u011f\u0131na devredildi. Bakanl\u0131k olarak biz de Haydarpa\u015fa ve Sirkeci Bo\u011faz\u0131n Birle\u015ftirici G\u00fcc\u00fc Gar-K\u00fclt\u00fcr-Sanat Projesiyle ilgili \u00e7al\u0131\u015fmalar\u0131m\u0131za h\u0131zl\u0131 bir \u015fekilde ba\u015flad\u0131k. \u0130lk etapta Prof. Dr. Luca Molinari, Prof. Dr. Zeynep Ahunbay, Prof. Dr. Feridun \u00c7\u0131l\u0131, Han T\u00fcmertekin, Beral Madra ve T\u00fcrkiye Tasar\u0131m Vakf\u0131ndan olu\u015fan bir dan\u0131\u015fma kurulu olu\u015fturduk. \u00d6ncelikle Haydarpa\u015fa Gar\u0131 kompleksinde bulunan at\u0131l durumdaki tescilli eski eser yap\u0131lar asl\u0131na uygun \u015fekilde restore edilecek. Demir yolu ta\u015f\u0131mac\u0131l\u0131k faaliyetleri Haydarpa\u015fa&#8217;da devam edecek. Bu \u00e7ok \u00f6nemli. \u00c7\u00fcnk\u00fc demiryolu ve tren asl\u0131nda buran\u0131n k\u00fclt\u00fcr\u00fcnde var, 100 y\u0131ld\u0131r oras\u0131 gar olarak kullan\u0131l\u0131yor. Proje dahilinde demir yolu ve tren ta\u015f\u0131mac\u0131l\u0131\u011f\u0131 devam edecek. Binalar restorasyon sonras\u0131nda arkeopark, arkeoloji m\u00fczesi, performans sanatlar\u0131 merkezi, k\u00fct\u00fcphane, tematik m\u00fcze, sergi salonlar\u0131, sanat ve tasar\u0131m at\u00f6lyeleri olarak de\u011ferlendirilecek. Sirkeci Gar\u0131&#8217;nda \u00e7al\u0131\u015fmalar\u0131n tamamlanmas\u0131n\u0131n ard\u0131ndan \u015fu anda at\u0131l durumda olan tescilli yap\u0131lar\u0131n G\u00f6\u00e7 M\u00fczesi, Tematik M\u00fcze, resim galerisi gibi k\u00fclt\u00fcr sanat alanlar\u0131nda kullan\u0131lacak. Hem Haydarpa\u015fa&#8217;da hem Sirkeci&#8217;de tren olacak, k\u00fclt\u00fcr ve sanat olacak, millet bah\u00e7esi olacak ama burada asla AVM ve otel olmayacak. Hedefimiz 2026 Ekim&#8217;de Haydarpa\u015fa ve Sirkeci K\u00fclt\u00fcr Vadilerini \u0130stanbullulara Hediye Etmek&#8221; dedi.<\/p>\n\n\n<div class=\"wp-block-image\">\n<figure class=\"alignleft size-full is-resized\"><img loading=\"lazy\" decoding=\"async\" width=\"500\" height=\"566\" src=\"https:\/\/www.turizmmuhabiri.com\/wp-content\/uploads\/2024\/10\/Bakan-Nuri-Ersoy.jpg\" alt=\"\" class=\"wp-image-3824\" style=\"width:430px;height:auto\" srcset=\"https:\/\/www.turizmmuhabiri.com\/wp-content\/uploads\/2024\/10\/Bakan-Nuri-Ersoy.jpg 500w, https:\/\/www.turizmmuhabiri.com\/wp-content\/uploads\/2024\/10\/Bakan-Nuri-Ersoy-265x300.jpg 265w, https:\/\/www.turizmmuhabiri.com\/wp-content\/uploads\/2024\/10\/Bakan-Nuri-Ersoy-371x420.jpg 371w\" sizes=\"auto, (max-width: 500px) 100vw, 500px\" \/><\/figure>\n<\/div>\n\n\n<p>\u0130stanbul&#8217;un 16 milyonluk bir megakent oldu\u011funa ve bu n\u00fcfusun b\u00fcy\u00fck bir kesiminin Anadolu yakas\u0131nda ikamet etti\u011fine i\u015faret eden Ersoy, konu\u015fmas\u0131n \u0131 s\u00f6yle s\u00fcrd\u00fcrd\u00fc; &#8220;Sadece Anadolu yakas\u0131 ba\u015fl\u0131 ba\u015f\u0131na bir megakent diyebiliriz. Atat\u00fcrk K\u00fclt\u00fcr Merkezi, Rami K\u00fct\u00fcphanesi, Cumhurba\u015fkanl\u0131\u011f\u0131 Senfoni Orkestras\u0131 Adas\u0131 Ankara, \u0130zmir K\u00fclt\u00fcr Fabrikas\u0131 gibi k\u00fclt\u00fcr merkezlerine Anadolu yakas\u0131n\u0131n da \u00e7ok fazla ihtiyac\u0131 var. Yak\u0131n ve Uzak Asya, Orta Do\u011fu ve Avrupa k\u00fclt\u00fcrlerini birbirine ba\u011flayacak Venedik Bienali tarz\u0131nda etkinliklere ev sahipli\u011fi yapacak bir k\u00fclt\u00fcr vadisine ba\u015fta Anadolu yakas\u0131 olmak \u00fczere \u0130stanbul&#8217;umuzun ve t\u00fcm T\u00fcrkiye&#8217;nin ihtiyac\u0131 var.&#8221;<\/p>\n\n\n\n<p>K\u00fclt\u00fcr ve sanat\u0131n \u00f6z\u00fcnde yeterli ticari getirisi olmayan, kendi kendini tam olarak finanse etmeyen ve bu sebeple devlet\u00e7e desteklenen, b\u00fcy\u00fck \u00f6zel kurumlar ve sanat vak\u0131flar\u0131nca s\u00fcbvanse ve finanse edilen etkinlikler oldu\u011funu vurgulayan Ersoy, devlet olarak \u00f6zel sanat kurumlar\u0131n\u0131n ve k\u00fclt\u00fcr vak\u0131flar\u0131n\u0131n da elini ta\u015f\u0131n alt\u0131na koymas\u0131n\u0131 takdirle kar\u015f\u0131lad\u0131klar\u0131n\u0131 ifade etti. Bakan Ersoy, Haydarpa\u015fa ve Sirkeci Gar\u0131 b\u00f6lgelerinde de \u00f6zel m\u00fczelerin yer almas\u0131n\u0131 arzu ettiklerini dile getirerek, &#8220;Onlar\u0131 te\u015fvik etmek i\u00e7in elimizden geleni yap\u0131yoruz. Hedefimiz 2026 Ekim&#8217;de \u0130stanbul K\u00fclt\u00fcr Yolu Festivali&#8217;yle Haydarpa\u015fa ve Sirkeci k\u00fclt\u00fcr vadilerini \u0130stanbullulara hediye etmek, \u0130stanbullular\u0131m\u0131za ve \u00fclkemize bu kazan\u0131m\u0131 sa\u011flamak&#8221; \u015feklinde konu\u015ftu.<\/p>\n","protected":false},"excerpt":{"rendered":"<p>K\u00fclt\u00fcr ve Turizm Bakan\u0131 Mehmet Nuri Ersoy, Haydarpa\u015fa ve Sirkeci Garlar\u0131nda trenlerin 2025 y\u0131l ekim ay\u0131nda \u00e7al\u0131\u015fmaya ba\u015flayacak. Her iki garda da tren olacak, k\u00fclt\u00fcr ve sanat olacak, millet bah\u00e7esi olacak ama burada asla AVM ve otel olmayacak&#8221; dedi. Cahit Akyol \/ Bakan Ersoy 2024 y\u0131l\u0131 \u00fc\u00e7\u00fcnc\u00fc \u00e7eyrek turizm rakamlar\u0131n\u0131 \u0130stanbul Atat\u00fcrk K\u00fclt\u00fcr Merkezi&#8217;nde (AKM) [&hellip;]<\/p>\n","protected":false},"author":1,"featured_media":3825,"comment_status":"open","ping_status":"open","sticky":false,"template":"","format":"standard","meta":{"footnotes":""},"categories":[49],"tags":[514,1624,1623,1625],"class_list":{"0":"post-3821","1":"post","2":"type-post","3":"status-publish","4":"format-standard","5":"has-post-thumbnail","7":"category-haber","8":"tag-bakan-ersoy","9":"tag-haydarpasa-gari","10":"tag-kultur-ve-turizm","11":"tag-sirkeci-gari"},"_links":{"self":[{"href":"https:\/\/www.turizmmuhabiri.com\/index.php\/wp-json\/wp\/v2\/posts\/3821","targetHints":{"allow":["GET"]}}],"collection":[{"href":"https:\/\/www.turizmmuhabiri.com\/index.php\/wp-json\/wp\/v2\/posts"}],"about":[{"href":"https:\/\/www.turizmmuhabiri.com\/index.php\/wp-json\/wp\/v2\/types\/post"}],"author":[{"embeddable":true,"href":"https:\/\/www.turizmmuhabiri.com\/index.php\/wp-json\/wp\/v2\/users\/1"}],"replies":[{"embeddable":true,"href":"https:\/\/www.turizmmuhabiri.com\/index.php\/wp-json\/wp\/v2\/comments?post=3821"}],"version-history":[{"count":3,"href":"https:\/\/www.turizmmuhabiri.com\/index.php\/wp-json\/wp\/v2\/posts\/3821\/revisions"}],"predecessor-version":[{"id":3832,"href":"https:\/\/www.turizmmuhabiri.com\/index.php\/wp-json\/wp\/v2\/posts\/3821\/revisions\/3832"}],"wp:featuredmedia":[{"embeddable":true,"href":"https:\/\/www.turizmmuhabiri.com\/index.php\/wp-json\/wp\/v2\/media\/3825"}],"wp:attachment":[{"href":"https:\/\/www.turizmmuhabiri.com\/index.php\/wp-json\/wp\/v2\/media?parent=3821"}],"wp:term":[{"taxonomy":"category","embeddable":true,"href":"https:\/\/www.turizmmuhabiri.com\/index.php\/wp-json\/wp\/v2\/categories?post=3821"},{"taxonomy":"post_tag","embeddable":true,"href":"https:\/\/www.turizmmuhabiri.com\/index.php\/wp-json\/wp\/v2\/tags?post=3821"}],"curies":[{"name":"wp","href":"https:\/\/api.w.org\/{rel}","templated":true}]}}