{"id":5053,"date":"2025-01-25T18:29:27","date_gmt":"2025-01-25T18:29:27","guid":{"rendered":"https:\/\/www.turizmmuhabiri.com\/?p=5053"},"modified":"2025-01-25T18:29:29","modified_gmt":"2025-01-25T18:29:29","slug":"genc-yildizlar-is-sanatta","status":"publish","type":"post","link":"https:\/\/www.turizmmuhabiri.com\/index.php\/2025\/01\/25\/genc-yildizlar-is-sanatta\/","title":{"rendered":"Gen\u00e7 Y\u0131ld\u0131zlar \u0130\u015f Sanat\u2019ta"},"content":{"rendered":"\n<p>\u0130\u015f Sanat, gen\u00e7 sanat\u00e7\u0131lar\u0131m\u0131z\u0131 m\u00fczikseverlerle bulu\u015fturmaya devam ediyor. Gelecek vadeden yeteneklere \u0131\u015f\u0131k tutan \u201cParlayan Y\u0131ld\u0131zlar\u201d serisi ile gen\u00e7 y\u0131ld\u0131zlar\u0131n konser deneyimini art\u0131rarak onlar\u0131 d\u00fcnya sahnelerine kazand\u0131rmay\u0131 ama\u00e7l\u0131yor. Konserler, gen\u00e7 yeteneklere destek sa\u011flarken, sanatseverlere de gelece\u011fin solistleriyle<\/p>\n\n\n\n<p>\u015eubat ay\u0131n\u0131n ilk konserinde iki gen\u00e7 m\u00fczisyen sahnede olacak.\u00a03 \u015eubat Pazartesi\u00a0ak\u015fam\u0131 20.30\u2019da \u0130\u015f Kuleleri Salonu\u2019nda\u00a0Zeynep Eker (piyano)\u00a0ve\u00a0Ayben Sever (fl\u00fct)\u00a0bir resital verecek. Zeynep Eker\u2019in repertuvar\u0131nda Liszt\u2019in \u201cSonetto del Petrarca 104\u201d, Rachmaninoff\u2019un \u201cPrelude op.32 No.10\u201d ve \u201cEtude op.39 No.1\u201d, Chopin\u2019in \u201cNocturne op.62 No.2\u201d ve \u201cScherzo op.20 No.1\u201d, Prokofiev\u2019in \u201cEtude op.2 No.1\u201di; Ayben Sever\u2019in repertuvar\u0131nda ise George Enescu, Ekrem Zeki \u00dcn, Gabriel Faur\u00e9, Benjamin Godard ve Georges Bizet gibi \u00f6nemli bestecilerin eserleri yer al\u0131yor. \u00dccretsiz olarak d\u00fczenlenen Parlayan Y\u0131ld\u0131zlar konserleri i\u00e7in Biletix\u2019ten rezervasyon yapt\u0131r\u0131l\u0131yor.<\/p>\n\n\n<div class=\"wp-block-image\">\n<figure class=\"alignleft size-full is-resized\"><img loading=\"lazy\" decoding=\"async\" width=\"500\" height=\"674\" src=\"https:\/\/www.turizmmuhabiri.com\/wp-content\/uploads\/2025\/01\/Ayben-Sever-22.jpg\" alt=\"\" class=\"wp-image-5054\" style=\"width:448px;height:auto\" srcset=\"https:\/\/www.turizmmuhabiri.com\/wp-content\/uploads\/2025\/01\/Ayben-Sever-22.jpg 500w, https:\/\/www.turizmmuhabiri.com\/wp-content\/uploads\/2025\/01\/Ayben-Sever-22-223x300.jpg 223w, https:\/\/www.turizmmuhabiri.com\/wp-content\/uploads\/2025\/01\/Ayben-Sever-22-312x420.jpg 312w\" sizes=\"auto, (max-width: 500px) 100vw, 500px\" \/><\/figure>\n<\/div>\n\n\n<p><strong>AYBEN SEVER, (<\/strong><em>fl\u00fct) <\/em>2005 y\u0131l\u0131nda do\u011fan sanat\u00e7\u0131, 2015 y\u0131l\u0131nda Mimar Sinan G\u00fczel Sanatlar \u00dcniversitesi \u0130stanbul Devlet Konservatuvar\u0131\u2019nda Prof. Ayla Uludere ile fl\u00fct e\u011fitimine ba\u015flad\u0131. 2019 y\u0131l\u0131nda MSGS\u00dc Senfoni Orkestras\u0131\u2019n\u0131n solistlik se\u00e7melerini kazanan gen\u00e7 sanat\u00e7\u0131, ayn\u0131 y\u0131l Bulgaristan\u2019\u0131n Varna \u015fehrinde d\u00fczenlenen 4. Uluslararas\u0131 Fl\u00fct Yar\u0131\u015fmas\u0131\u2019nda birincilik \u00f6d\u00fcl\u00fcne lay\u0131k g\u00f6r\u00fcld\u00fc. 2020 y\u0131l\u0131nda Silk Way Uluslararas\u0131 M\u00fczik Yar\u0131\u015fmas\u0131\u2019nda, 2021 y\u0131l\u0131nda Uluslararas\u0131 A Tutto Flauto Yar\u0131\u015fmas\u0131\u2019nda birincilik, II Falaut Virtuoso Prize Yar\u0131\u015fmas\u0131\u2019nda ikincilik, Cahit Koparal Uluslararas\u0131 Fl\u00fct Yar\u0131\u015fmas\u0131\u2019nda \u00fc\u00e7\u00fcnc\u00fcl\u00fck \u00f6d\u00fcllerinin yan\u0131 s\u0131ra En \u0130yi T\u00fcrk Eseri Yorumcusu \u00f6d\u00fcl\u00fcn\u00fc kazand\u0131.&nbsp;2023 y\u0131l\u0131nda Davorin Jenko Uluslararas\u0131 M\u00fczik Yar\u0131\u015fmas\u0131\u2019nda birincilik ve \u201cLaureate\u201d \u00f6d\u00fcl\u00fcne lay\u0131k g\u00f6r\u00fclen Sever, \u0130stanbul\u2019da d\u00fczenlenen Nazl\u0131 Pakkan Ulusal Fl\u00fct Yar\u0131\u015fmas\u0131\u2019nda ve 2024 y\u0131l\u0131nda VIII. Uluslararas\u0131 Fl\u00fct Yar\u0131\u015fmas\u0131\u2019nda birincilik \u00f6d\u00fcllerinin de sahibi oldu. Gen\u00e7 sanat\u00e7\u0131, &nbsp;MSGS\u00dc \u0130stanbul Devlet Konservatuvar\u0131 M\u00fczik B\u00f6l\u00fcm\u00fc\u2019nde lisans e\u011fitimine devam ediyor.&nbsp;<\/p>\n\n\n<div class=\"wp-block-image\">\n<figure class=\"alignright size-full is-resized\"><img loading=\"lazy\" decoding=\"async\" width=\"500\" height=\"488\" src=\"https:\/\/www.turizmmuhabiri.com\/wp-content\/uploads\/2025\/01\/Zeynep-Aker-22.jpg\" alt=\"\" class=\"wp-image-5055\" style=\"width:438px;height:auto\" srcset=\"https:\/\/www.turizmmuhabiri.com\/wp-content\/uploads\/2025\/01\/Zeynep-Aker-22.jpg 500w, https:\/\/www.turizmmuhabiri.com\/wp-content\/uploads\/2025\/01\/Zeynep-Aker-22-300x293.jpg 300w, https:\/\/www.turizmmuhabiri.com\/wp-content\/uploads\/2025\/01\/Zeynep-Aker-22-430x420.jpg 430w\" sizes=\"auto, (max-width: 500px) 100vw, 500px\" \/><\/figure>\n<\/div>\n\n\n<p><strong>ZEYNEP EKER,<\/strong><strong>&nbsp;(Piyano) <\/strong>2007 y\u0131l\u0131nda do\u011fan sanat\u00e7\u0131, piyano e\u011fitimine 2017 y\u0131l\u0131nda Kocaeli \u00dcniversitesi Devlet Konservatuvar\u0131\u2019nda Nevbahar Tu\u011flun\u2019un s\u0131n\u0131f\u0131nda ba\u015flad\u0131. Tamara Poddubnaya, Nino Gurevichy, Islam Manafov ve Stanislaw Tichonow gibi Rus Piyano Okulu\u2019nun \u00f6nde gelen isimleriyle \u00e7al\u0131\u015ft\u0131. Ayr\u0131ca G\u00f6khan Aybulus, \u00c7a\u011fda\u015f \u00d6zkan ve Alexander Mekaev\u2019den e\u011fitim ald\u0131. Eker, Tiflis\u2019te d\u00fczenlenen Mozart Yar\u0131\u015fmas\u0131\u2019nda ve Almanya\u2019da ger\u00e7ekle\u015fen Baden-W\u00fcrttemberg M\u00fczikli Havai Fi\u015fekler Yar\u0131\u015fmas\u0131\u2019nda \u00fc\u00e7\u00fcnc\u00fcl\u00fck \u00f6d\u00fcl\u00fcne lay\u0131k g\u00f6r\u00fcld\u00fc. 2024 y\u0131l\u0131nda \u0130zmir\u2019de d\u00fczenlenen Uluslararas\u0131 Mozart Yar\u0131\u015fmas\u0131 ve Bulgaristan\u2019da d\u00fczenlenen Heirs of Orpheus Uluslararas\u0131 M\u00fczik Yar\u0131\u015fmas\u0131\u2019nda ikincilik \u00f6d\u00fcl\u00fcn\u00fc kazand\u0131. Bug\u00fcne kadar Ayval\u0131k-Bal\u0131kesir CAKA, Bundesakademie Trossingen (Almanya), Mozart Yar\u0131\u015fmas\u0131 (G\u00fcrcistan), T\u00fcrkiye Mozart Yar\u0131\u015fmas\u0131 (\u0130zmir) ve Horn Allegro Vivo Festivali (Avusturya) gibi \u00f6nemli etkinliklerde performans sergileyen gen\u00e7 piyanist, Kocaeli \u00dcniversitesi Devlet Konservatuvar\u0131\u2019nda Sarkhan Khalilzade ile e\u011fitimine devam ediyor.<\/p>\n","protected":false},"excerpt":{"rendered":"<p>\u0130\u015f Sanat, gen\u00e7 sanat\u00e7\u0131lar\u0131m\u0131z\u0131 m\u00fczikseverlerle bulu\u015fturmaya devam ediyor. Gelecek vadeden yeteneklere \u0131\u015f\u0131k tutan \u201cParlayan Y\u0131ld\u0131zlar\u201d serisi ile gen\u00e7 y\u0131ld\u0131zlar\u0131n konser deneyimini art\u0131rarak onlar\u0131 d\u00fcnya sahnelerine kazand\u0131rmay\u0131 ama\u00e7l\u0131yor. Konserler, gen\u00e7 yeteneklere destek sa\u011flarken, sanatseverlere de gelece\u011fin solistleriyle \u015eubat ay\u0131n\u0131n ilk konserinde iki gen\u00e7 m\u00fczisyen sahnede olacak.\u00a03 \u015eubat Pazartesi\u00a0ak\u015fam\u0131 20.30\u2019da \u0130\u015f Kuleleri Salonu\u2019nda\u00a0Zeynep Eker (piyano)\u00a0ve\u00a0Ayben Sever (fl\u00fct)\u00a0bir [&hellip;]<\/p>\n","protected":false},"author":1,"featured_media":5056,"comment_status":"open","ping_status":"open","sticky":false,"template":"","format":"standard","meta":{"footnotes":""},"categories":[53],"tags":[2209,1626,2208,2210],"class_list":{"0":"post-5053","1":"post","2":"type-post","3":"status-publish","4":"format-standard","5":"has-post-thumbnail","7":"category-kultur-sanat","8":"tag-ayben-sever","9":"tag-is-sanat","10":"tag-parlayan-yildizlar","11":"tag-zeynep-eker"},"_links":{"self":[{"href":"https:\/\/www.turizmmuhabiri.com\/index.php\/wp-json\/wp\/v2\/posts\/5053","targetHints":{"allow":["GET"]}}],"collection":[{"href":"https:\/\/www.turizmmuhabiri.com\/index.php\/wp-json\/wp\/v2\/posts"}],"about":[{"href":"https:\/\/www.turizmmuhabiri.com\/index.php\/wp-json\/wp\/v2\/types\/post"}],"author":[{"embeddable":true,"href":"https:\/\/www.turizmmuhabiri.com\/index.php\/wp-json\/wp\/v2\/users\/1"}],"replies":[{"embeddable":true,"href":"https:\/\/www.turizmmuhabiri.com\/index.php\/wp-json\/wp\/v2\/comments?post=5053"}],"version-history":[{"count":1,"href":"https:\/\/www.turizmmuhabiri.com\/index.php\/wp-json\/wp\/v2\/posts\/5053\/revisions"}],"predecessor-version":[{"id":5057,"href":"https:\/\/www.turizmmuhabiri.com\/index.php\/wp-json\/wp\/v2\/posts\/5053\/revisions\/5057"}],"wp:featuredmedia":[{"embeddable":true,"href":"https:\/\/www.turizmmuhabiri.com\/index.php\/wp-json\/wp\/v2\/media\/5056"}],"wp:attachment":[{"href":"https:\/\/www.turizmmuhabiri.com\/index.php\/wp-json\/wp\/v2\/media?parent=5053"}],"wp:term":[{"taxonomy":"category","embeddable":true,"href":"https:\/\/www.turizmmuhabiri.com\/index.php\/wp-json\/wp\/v2\/categories?post=5053"},{"taxonomy":"post_tag","embeddable":true,"href":"https:\/\/www.turizmmuhabiri.com\/index.php\/wp-json\/wp\/v2\/tags?post=5053"}],"curies":[{"name":"wp","href":"https:\/\/api.w.org\/{rel}","templated":true}]}}