{"id":5162,"date":"2025-02-03T20:26:12","date_gmt":"2025-02-03T20:26:12","guid":{"rendered":"https:\/\/www.turizmmuhabiri.com\/?p=5162"},"modified":"2025-02-03T20:26:15","modified_gmt":"2025-02-03T20:26:15","slug":"skal-izmirde-aydin-tokbas-baskan","status":"publish","type":"post","link":"https:\/\/www.turizmmuhabiri.com\/index.php\/2025\/02\/03\/skal-izmirde-aydin-tokbas-baskan\/","title":{"rendered":"SKAL \u0130zmir\u2019de Ayd\u0131n Tokba\u015f Ba\u015fkan \u00a0"},"content":{"rendered":"\n<p>SKAL \u0130zmir Kul\u00fcb\u00fcn\u00fcn ola\u011fan Genel Kurulu ger\u00e7ekle\u015ftirildi. Yap\u0131lan se\u00e7im sonucunda deneyimli turizmci Agrillia Turizm Dan\u0131\u015fmanl\u0131k kurucu orta\u011f\u0131 ve TUROYD Ege B\u00f6lge Y\u00fcr\u00fctme Kurulu Ba\u015fkan\u0131 Ayd\u0131n Tokba\u015f, SKAL \u0130zmir kul\u00fcb\u00fcn\u00fcn yeni ba\u015fkan\u0131 se\u00e7ildi.<\/p>\n\n\n\n<p>Yap\u0131lan oylamada 2025-2027 d\u00f6nemi SKAL \u0130zmir Y\u00f6netim Kurulu Ayd\u0131n\u00a0TOKBA\u015e&#8217;\u0131n ba\u015fkanl\u0131\u011f\u0131nda, Mine G\u00fcne\u015f Kaya Asba\u015fkan (Mies Global Kurucusu), Elif Ak\u015fahin Genel Sekreter (\u0130zfa\u015f\u00a0 Fuarlar Koordinat\u00f6r\u00fc), B\u00fclent Tercan PR \u00dcyelik Geli\u015ftirme\u00a0(ET\u0130K Ba\u015fkan Yard\u0131mc\u0131s\u0131, \u0130\u015f insan\u0131) Onur T\u00fcrkay Sayman Proje Geli\u015ftirme (Red&amp; And More Turizm Acentesi Sahibi) Z\u00fclk\u00fcf Mermut, G\u00fcne\u015f Yapasan, Zekeriya Y\u0131ld\u0131r\u0131m\u00a0da denetim kurulunu olu\u015fturdu.<\/p>\n\n\n\n<figure class=\"wp-block-image size-full is-resized\"><img loading=\"lazy\" decoding=\"async\" width=\"500\" height=\"363\" src=\"https:\/\/www.turizmmuhabiri.com\/wp-content\/uploads\/2025\/02\/Skal-Izmir2.jpg\" alt=\"\" class=\"wp-image-5165\" style=\"width:696px;height:auto\" srcset=\"https:\/\/www.turizmmuhabiri.com\/wp-content\/uploads\/2025\/02\/Skal-Izmir2.jpg 500w, https:\/\/www.turizmmuhabiri.com\/wp-content\/uploads\/2025\/02\/Skal-Izmir2-300x218.jpg 300w, https:\/\/www.turizmmuhabiri.com\/wp-content\/uploads\/2025\/02\/Skal-Izmir2-324x235.jpg 324w\" sizes=\"auto, (max-width: 500px) 100vw, 500px\" \/><\/figure>\n\n\n\n<p><br>Se\u00e7im sonu\u00e7lar\u0131n\u0131n a\u00e7\u0131klanmas\u0131n\u0131n ard\u0131ndan s\u00f6z alan Ayd\u0131n Tokba\u015f \u201cSKAL \u0130zmir olarak ge\u00e7en d\u00f6nemde D\u00fcnya SKAL Turizm Kongresini 17 y\u0131l sonra T\u00fcrkiye\u2019de ve ilk olarak da \u0130zmir\u2019de ger\u00e7ekle\u015ftirdiklerini belirterek \u201cD\u00fcnyan\u0131n 35 \u00fclkesinden 400&#8217;e yak\u0131n \u00fcst d\u00fczey turizmcileri 5 g\u00fcn boyunca\u00a0\u0130zmir\u2019de a\u011f\u0131rlad\u0131k. Tarih, inan\u00e7 ve sa\u011fl\u0131k turizmi \u00fczerine tan\u0131t\u0131m yapt\u0131k\u201d dedi. Tokba\u015f konu\u015fmas\u0131nda ge\u00e7en d\u00f6nem ba\u015fkanl\u0131k yapan G\u00fcner G\u00fcney\u2019e de te\u015fekk\u00fcr etti ve \u0130zmir SKAL kul\u00fcb\u00fcn\u00fcn art\u0131k bir marka oldu\u011funu ve yeni d\u00f6nemde de iz b\u0131rakan g\u00fczel projelerle yine g\u00fcndem yaratmaya devam edeceklerini s\u00f6zlerine ekledi.<\/p>\n","protected":false},"excerpt":{"rendered":"<p>SKAL \u0130zmir Kul\u00fcb\u00fcn\u00fcn ola\u011fan Genel Kurulu ger\u00e7ekle\u015ftirildi. Yap\u0131lan se\u00e7im sonucunda deneyimli turizmci Agrillia Turizm Dan\u0131\u015fmanl\u0131k kurucu orta\u011f\u0131 ve TUROYD Ege B\u00f6lge Y\u00fcr\u00fctme Kurulu Ba\u015fkan\u0131 Ayd\u0131n Tokba\u015f, SKAL \u0130zmir kul\u00fcb\u00fcn\u00fcn yeni ba\u015fkan\u0131 se\u00e7ildi. Yap\u0131lan oylamada 2025-2027 d\u00f6nemi SKAL \u0130zmir Y\u00f6netim Kurulu Ayd\u0131n\u00a0TOKBA\u015e&#8217;\u0131n ba\u015fkanl\u0131\u011f\u0131nda, Mine G\u00fcne\u015f Kaya Asba\u015fkan (Mies Global Kurucusu), Elif Ak\u015fahin Genel Sekreter (\u0130zfa\u015f\u00a0 Fuarlar [&hellip;]<\/p>\n","protected":false},"author":1,"featured_media":5164,"comment_status":"open","ping_status":"open","sticky":false,"template":"","format":"standard","meta":{"footnotes":""},"categories":[49],"tags":[2250,2058,262,58],"class_list":{"0":"post-5162","1":"post","2":"type-post","3":"status-publish","4":"format-standard","5":"has-post-thumbnail","7":"category-haber","8":"tag-aydin-tokbas","9":"tag-genel-kurul","10":"tag-izmir","11":"tag-skal"},"_links":{"self":[{"href":"https:\/\/www.turizmmuhabiri.com\/index.php\/wp-json\/wp\/v2\/posts\/5162","targetHints":{"allow":["GET"]}}],"collection":[{"href":"https:\/\/www.turizmmuhabiri.com\/index.php\/wp-json\/wp\/v2\/posts"}],"about":[{"href":"https:\/\/www.turizmmuhabiri.com\/index.php\/wp-json\/wp\/v2\/types\/post"}],"author":[{"embeddable":true,"href":"https:\/\/www.turizmmuhabiri.com\/index.php\/wp-json\/wp\/v2\/users\/1"}],"replies":[{"embeddable":true,"href":"https:\/\/www.turizmmuhabiri.com\/index.php\/wp-json\/wp\/v2\/comments?post=5162"}],"version-history":[{"count":2,"href":"https:\/\/www.turizmmuhabiri.com\/index.php\/wp-json\/wp\/v2\/posts\/5162\/revisions"}],"predecessor-version":[{"id":5166,"href":"https:\/\/www.turizmmuhabiri.com\/index.php\/wp-json\/wp\/v2\/posts\/5162\/revisions\/5166"}],"wp:featuredmedia":[{"embeddable":true,"href":"https:\/\/www.turizmmuhabiri.com\/index.php\/wp-json\/wp\/v2\/media\/5164"}],"wp:attachment":[{"href":"https:\/\/www.turizmmuhabiri.com\/index.php\/wp-json\/wp\/v2\/media?parent=5162"}],"wp:term":[{"taxonomy":"category","embeddable":true,"href":"https:\/\/www.turizmmuhabiri.com\/index.php\/wp-json\/wp\/v2\/categories?post=5162"},{"taxonomy":"post_tag","embeddable":true,"href":"https:\/\/www.turizmmuhabiri.com\/index.php\/wp-json\/wp\/v2\/tags?post=5162"}],"curies":[{"name":"wp","href":"https:\/\/api.w.org\/{rel}","templated":true}]}}