{"id":7109,"date":"2025-09-25T20:43:30","date_gmt":"2025-09-25T20:43:30","guid":{"rendered":"https:\/\/www.turizmmuhabiri.com\/?p=7109"},"modified":"2025-09-25T20:43:33","modified_gmt":"2025-09-25T20:43:33","slug":"artik-dedeman-hospitality-oldu","status":"publish","type":"post","link":"https:\/\/www.turizmmuhabiri.com\/index.php\/2025\/09\/25\/artik-dedeman-hospitality-oldu\/","title":{"rendered":"Art\u0131k Dedeman Hospitality Oldu"},"content":{"rendered":"\n<p>Dedeman \u0130stanbul Otel\u2019inin 43\u2019nc\u00fc ya\u015f g\u00fcn\u00fc i\u00e7in Esentepe\u2019deki otelinde etkinlik d\u00fczenlendi. Etkinlikte Dedeman Hotels\u2018in b\u00fcy\u00fcme yolculu\u011funun ad\u0131n\u0131n art\u0131k \u201cDedeman Hospitality\u201d oldu\u011fu a\u00e7\u0131kland\u0131.<\/p>\n\n\n\n<p>Dedeman Grubunun yeni projelerin de tan\u0131t\u0131ld\u0131\u011f\u0131 toplant\u0131 Esentepe\u2019deki otelin balo salonunda yap\u0131ld\u0131. 24 Eyl\u00fcl 1982 g\u00fcn\u00fc hizmete ba\u015flayan otelin tarihli do\u011fum g\u00fcn\u00fcnde d\u00fczenlenen yemekli toplant\u0131da Dedeman misafirperverli\u011finin \u201cDedeman Hospitality\u201d ad\u0131yla markala\u015ft\u0131rd\u0131\u011f\u0131 ilan edildi. Gecenin ev sahipli\u011fi yapan Y\u00f6netim Kurulu Ba\u015fkan\u0131 Erg\u00fcn Demiray, Y\u00f6netim Kurulu Ba\u015fkan Vekili Murat \u00d6zmest\u00e7i, Y\u00f6netim Kurulu \u00dcyesi Banu Dedeman ve Dedeman Hotels\u2019in \u00e7e\u015fitli birimlerinde g\u00f6rev alan y\u00f6neticiler de\u011ferlendirme yaparak yeni projeleri anlatt\u0131. Toplant\u0131n\u0131n sunuculu\u011funu Dedeman Hotels Sat\u0131\u015f ve Pazarlama M\u00fcd\u00fcr\u00fc G\u00fclhan Balta ile Dedeman \u0130stanbul Oteli Genel M\u00fcd\u00fcr\u00fc Tayfun Sancar yapt\u0131.<\/p>\n\n\n\n<figure class=\"wp-block-image size-full is-resized\"><img loading=\"lazy\" decoding=\"async\" width=\"500\" height=\"244\" src=\"https:\/\/www.turizmmuhabiri.com\/wp-content\/uploads\/2025\/09\/Dedeman-55.jpg\" alt=\"\" class=\"wp-image-7112\" style=\"width:696px;height:auto\" srcset=\"https:\/\/www.turizmmuhabiri.com\/wp-content\/uploads\/2025\/09\/Dedeman-55.jpg 500w, https:\/\/www.turizmmuhabiri.com\/wp-content\/uploads\/2025\/09\/Dedeman-55-300x146.jpg 300w\" sizes=\"auto, (max-width: 500px) 100vw, 500px\" \/><\/figure>\n\n\n\n<p><br>Gecenin a\u00e7\u0131l\u0131\u015f konu\u015fmas\u0131n\u0131 Banu Dedeman yapt\u0131. Zarif patroni\u00e7e \u201cDedeman Hospitality\u201d markas\u0131n\u0131n o\u011flu Murat \u00d6zmest\u00e7i taraf\u0131ndan bulundu\u011funu s\u00f6yledi. Murat \u00d6zmest\u00e7i, de Dedeman\u2019\u0131n 12 marka ile 6 \u00fclkede 51 otele ula\u015ft\u0131\u011f\u0131n\u0131 ve b\u00fcy\u00fcmeye devam etti\u011fini belirterek, \u201cDedeman Hospitality\u201din bu kadar marka ile b\u00fcy\u00fcmeyi bir \u00e7at\u0131 alt\u0131nda toplayan bir marka olmas\u0131n\u0131 ama\u00e7lad\u0131\u011f\u0131n\u0131 s\u00f6yledi. <\/p>\n\n\n<div class=\"wp-block-image\">\n<figure class=\"alignleft size-large is-resized\"><img loading=\"lazy\" decoding=\"async\" width=\"1024\" height=\"913\" src=\"https:\/\/www.turizmmuhabiri.com\/wp-content\/uploads\/2025\/09\/Dedeman-33-1024x913.jpg\" alt=\"\" class=\"wp-image-7113\" style=\"width:440px;height:auto\" srcset=\"https:\/\/www.turizmmuhabiri.com\/wp-content\/uploads\/2025\/09\/Dedeman-33-1024x913.jpg 1024w, https:\/\/www.turizmmuhabiri.com\/wp-content\/uploads\/2025\/09\/Dedeman-33-300x267.jpg 300w, https:\/\/www.turizmmuhabiri.com\/wp-content\/uploads\/2025\/09\/Dedeman-33-768x684.jpg 768w, https:\/\/www.turizmmuhabiri.com\/wp-content\/uploads\/2025\/09\/Dedeman-33-471x420.jpg 471w, https:\/\/www.turizmmuhabiri.com\/wp-content\/uploads\/2025\/09\/Dedeman-33-696x620.jpg 696w, https:\/\/www.turizmmuhabiri.com\/wp-content\/uploads\/2025\/09\/Dedeman-33-1068x952.jpg 1068w, https:\/\/www.turizmmuhabiri.com\/wp-content\/uploads\/2025\/09\/Dedeman-33.jpg 1158w\" sizes=\"auto, (max-width: 1024px) 100vw, 1024px\" \/><\/figure>\n<\/div>\n\n\n<p>Y\u00f6netim Kurulu Ba\u015fkan\u0131 Erg\u00fcn Demiray da konu\u015fmas\u0131nda Dedeman\u2019\u0131n ilkelerinde ahlaki temellerin \u00f6ncelikli oldu\u011funu belirterek \u201cDo\u011fru ile yanl\u0131\u015f bilgelik ile cehalet, vefa ile sadakat \u00e7ok \u00f6nemli kavramlar. Dedeman ailesinin bu ilkelerle bug\u00fcnlere geldi\u011fini s\u00f6yledi. \u201cBu anlay\u0131\u015f\u0131n b\u00fcy\u00fcme hedeflerimizde daima \u00f6ncelikli olacak\u201d dedi. Daha sonra mikrofona gelen \u015firketin birim y\u00f6neticileri Dedeman\u2019\u0131n yapt\u0131\u011f\u0131 \u00e7al\u0131\u015fmalar\u0131 ve projeleri anlatt\u0131. Baz\u0131 projeler i\u00e7in imza t\u00f6renleri yap\u0131ld\u0131.<\/p>\n","protected":false},"excerpt":{"rendered":"<p>Dedeman \u0130stanbul Otel\u2019inin 43\u2019nc\u00fc ya\u015f g\u00fcn\u00fc i\u00e7in Esentepe\u2019deki otelinde etkinlik d\u00fczenlendi. Etkinlikte Dedeman Hotels\u2018in b\u00fcy\u00fcme yolculu\u011funun ad\u0131n\u0131n art\u0131k \u201cDedeman Hospitality\u201d oldu\u011fu a\u00e7\u0131kland\u0131. Dedeman Grubunun yeni projelerin de tan\u0131t\u0131ld\u0131\u011f\u0131 toplant\u0131 Esentepe\u2019deki otelin balo salonunda yap\u0131ld\u0131. 24 Eyl\u00fcl 1982 g\u00fcn\u00fc hizmete ba\u015flayan otelin tarihli do\u011fum g\u00fcn\u00fcnde d\u00fczenlenen yemekli toplant\u0131da Dedeman misafirperverli\u011finin \u201cDedeman Hospitality\u201d ad\u0131yla markala\u015ft\u0131rd\u0131\u011f\u0131 ilan edildi. [&hellip;]<\/p>\n","protected":false},"author":1,"featured_media":7111,"comment_status":"open","ping_status":"open","sticky":false,"template":"","format":"standard","meta":{"footnotes":""},"categories":[49],"tags":[522,521,523,3172],"class_list":{"0":"post-7109","1":"post","2":"type-post","3":"status-publish","4":"format-standard","5":"has-post-thumbnail","7":"category-haber","8":"tag-banu-dedeman","9":"tag-dedeman","10":"tag-ergun-demiray","11":"tag-hospitality"},"_links":{"self":[{"href":"https:\/\/www.turizmmuhabiri.com\/index.php\/wp-json\/wp\/v2\/posts\/7109","targetHints":{"allow":["GET"]}}],"collection":[{"href":"https:\/\/www.turizmmuhabiri.com\/index.php\/wp-json\/wp\/v2\/posts"}],"about":[{"href":"https:\/\/www.turizmmuhabiri.com\/index.php\/wp-json\/wp\/v2\/types\/post"}],"author":[{"embeddable":true,"href":"https:\/\/www.turizmmuhabiri.com\/index.php\/wp-json\/wp\/v2\/users\/1"}],"replies":[{"embeddable":true,"href":"https:\/\/www.turizmmuhabiri.com\/index.php\/wp-json\/wp\/v2\/comments?post=7109"}],"version-history":[{"count":2,"href":"https:\/\/www.turizmmuhabiri.com\/index.php\/wp-json\/wp\/v2\/posts\/7109\/revisions"}],"predecessor-version":[{"id":7114,"href":"https:\/\/www.turizmmuhabiri.com\/index.php\/wp-json\/wp\/v2\/posts\/7109\/revisions\/7114"}],"wp:featuredmedia":[{"embeddable":true,"href":"https:\/\/www.turizmmuhabiri.com\/index.php\/wp-json\/wp\/v2\/media\/7111"}],"wp:attachment":[{"href":"https:\/\/www.turizmmuhabiri.com\/index.php\/wp-json\/wp\/v2\/media?parent=7109"}],"wp:term":[{"taxonomy":"category","embeddable":true,"href":"https:\/\/www.turizmmuhabiri.com\/index.php\/wp-json\/wp\/v2\/categories?post=7109"},{"taxonomy":"post_tag","embeddable":true,"href":"https:\/\/www.turizmmuhabiri.com\/index.php\/wp-json\/wp\/v2\/tags?post=7109"}],"curies":[{"name":"wp","href":"https:\/\/api.w.org\/{rel}","templated":true}]}}