{"id":7124,"date":"2025-09-25T21:59:45","date_gmt":"2025-09-25T21:59:45","guid":{"rendered":"https:\/\/www.turizmmuhabiri.com\/?p=7124"},"modified":"2025-09-25T21:59:47","modified_gmt":"2025-09-25T21:59:47","slug":"turizmin-kalbi-itf","status":"publish","type":"post","link":"https:\/\/www.turizmmuhabiri.com\/index.php\/2025\/09\/25\/turizmin-kalbi-itf\/","title":{"rendered":"Turizmin Kalbi ITF"},"content":{"rendered":"\n<p>Turizminin \u00f6nemli bulu\u015fmas\u0131\u00a0\u0130stanbul Turizm Fuar\u0131 (ITF 2025), Yenikap\u0131 \u2013 Avrasya G\u00f6steri ve Sanat Merkezi\u2019nde a\u00e7\u0131ld\u0131. Fuar 2 g\u00fcn s\u00fcr\u00fcyor.<\/p>\n\n\n<div class=\"wp-block-image\">\n<figure class=\"alignleft size-full is-resized\"><img loading=\"lazy\" decoding=\"async\" width=\"500\" height=\"531\" src=\"https:\/\/www.turizmmuhabiri.com\/wp-content\/uploads\/2024\/05\/Cahit.gif\" alt=\"\" class=\"wp-image-2356\" style=\"width:134px;height:auto\"\/><figcaption class=\"wp-element-caption\">Cahit AKYOL <\/figcaption><\/figure>\n<\/div>\n\n\n<p>Fuar\u0131n a\u00e7\u0131l\u0131\u015f\u0131na KKTC Ba\u015fbakan Yard\u0131mc\u0131s\u0131, Turizm,\u00a0K\u00fclt\u00fcr, Gen\u00e7lik ve \u00c7evre Bakan\u0131 Fikri Atao\u011flu, \u0130stanbul Vali Yard\u0131mc\u0131s\u0131\u00a0Y\u00fccel Gemici, \u0130stanbul B\u00fcy\u00fck\u015fehir Belediyesi Ba\u015fkan Vekili Nuri Aslan ile \u00e7ok say\u0131da yetkili kat\u0131ld\u0131.<\/p>\n\n\n\n<p>Bu y\u0131l \u00fc\u00e7\u00fcnc\u00fcs\u00fc d\u00fczenlenen fuarda, 296 kat\u0131l\u0131mc\u0131 firma, 50 \u00fclkeden turizm profesyoneli kat\u0131ld\u0131. Fuar sekt\u00f6r\u00fcn bulu\u015fma noktas\u0131 oldu. 10 bin metrekarelik fuar alan\u0131nda otel zincirlerinden seyahat acentelerine, havayollar\u0131ndan kruvaziyer firmalar\u0131na, tur operat\u00f6rlerinden belediyelere, \u00fclke kat\u0131l\u0131mlar\u0131na kadar geni\u015f bir yelpaze bir araya geldi.<\/p>\n\n\n\n<figure class=\"wp-block-image size-full is-resized\"><img loading=\"lazy\" decoding=\"async\" width=\"500\" height=\"223\" src=\"https:\/\/www.turizmmuhabiri.com\/wp-content\/uploads\/2025\/09\/Fuar55.jpg\" alt=\"\" class=\"wp-image-7128\" style=\"width:696px;height:auto\" srcset=\"https:\/\/www.turizmmuhabiri.com\/wp-content\/uploads\/2025\/09\/Fuar55.jpg 500w, https:\/\/www.turizmmuhabiri.com\/wp-content\/uploads\/2025\/09\/Fuar55-300x134.jpg 300w\" sizes=\"auto, (max-width: 500px) 100vw, 500px\" \/><\/figure>\n\n\n\n<p>A\u00e7\u0131l\u0131\u015fta konu\u015fan sekt\u00f6r temsilcileri, fuar\u0131n T\u00fcrk turizmi i\u00e7in stratejik bir \u00f6neme sahip oldu\u011funu ve uluslararas\u0131 turizm d\u00fcnyas\u0131 i\u00e7in ta\u015f\u0131d\u0131\u011f\u0131 \u00f6nemi vurgulad\u0131.&nbsp;B2B odakl\u0131 olan fuarda ayr\u0131ca 17 konu ba\u015fl\u0131\u011f\u0131 alt\u0131nda 73 ulusal ve uluslararas\u0131 konu\u015fmac\u0131 ile ger\u00e7ekle\u015ftirilen turizm zirvesi de b\u00fcy\u00fck ilgi g\u00f6rd\u00fc. &nbsp;<\/p>\n\n\n\n<p>A\u00e7\u0131l\u0131\u015f konu\u015fmalar\u0131nda s\u00f6z alan T\u00dcROB Ba\u015fkan\u0131 M\u00fcberra Eresin, \u201cITF 2025 kapsam\u0131ndaki y\u00fcz y\u00fcze g\u00f6r\u00fc\u015fmelerde turizmdeki gelecek trendleri belirleniyor, bu fuar bu a\u00e7\u0131dan \u00e7ok \u00f6nemli. \u0130stanbul b\u00f6yle g\u00fczel bir fuar\u0131 hak ediyor. Bu fuar\u0131n geli\u015ferek d\u00fcnyada ilk 3\u2019e girmesini arzu ediyoruz ve bu yolda hep yan\u0131n\u0131zda olaca\u011f\u0131z\u201d mesaj\u0131 verirken; TTYD Ba\u015fkan\u0131 Oya Narin, de \u201cT\u00fcrkiye\u2019de g\u00fc\u00e7l\u00fc bir fiyat ve kalite dengesi pe\u015finde ko\u015ftu\u011fumuz, kal\u0131\u015f s\u00fcrelerini uzatman\u0131n \u00e7ok \u00f6nemli oldu\u011funu bildi\u011fimiz bir d\u00f6nemdeyiz. Bu noktada \u0130stanbul ve \u0130stanbul\u2019u tan\u0131tan fuarlar bizim i\u00e7in \u00e7ok de\u011ferli\u201d dedi<\/p>\n\n\n<div class=\"wp-block-image\">\n<figure class=\"alignright size-large is-resized\"><img loading=\"lazy\" decoding=\"async\" width=\"1024\" height=\"711\" src=\"https:\/\/www.turizmmuhabiri.com\/wp-content\/uploads\/2025\/09\/Sri-Lanka-Buyukelci-1024x711.jpg\" alt=\"\" class=\"wp-image-7125\" style=\"width:449px;height:auto\" srcset=\"https:\/\/www.turizmmuhabiri.com\/wp-content\/uploads\/2025\/09\/Sri-Lanka-Buyukelci-1024x711.jpg 1024w, https:\/\/www.turizmmuhabiri.com\/wp-content\/uploads\/2025\/09\/Sri-Lanka-Buyukelci-300x208.jpg 300w, https:\/\/www.turizmmuhabiri.com\/wp-content\/uploads\/2025\/09\/Sri-Lanka-Buyukelci-768x533.jpg 768w, https:\/\/www.turizmmuhabiri.com\/wp-content\/uploads\/2025\/09\/Sri-Lanka-Buyukelci-605x420.jpg 605w, https:\/\/www.turizmmuhabiri.com\/wp-content\/uploads\/2025\/09\/Sri-Lanka-Buyukelci-218x150.jpg 218w, https:\/\/www.turizmmuhabiri.com\/wp-content\/uploads\/2025\/09\/Sri-Lanka-Buyukelci-696x483.jpg 696w, https:\/\/www.turizmmuhabiri.com\/wp-content\/uploads\/2025\/09\/Sri-Lanka-Buyukelci-1068x742.jpg 1068w, https:\/\/www.turizmmuhabiri.com\/wp-content\/uploads\/2025\/09\/Sri-Lanka-Buyukelci-100x70.jpg 100w, https:\/\/www.turizmmuhabiri.com\/wp-content\/uploads\/2025\/09\/Sri-Lanka-Buyukelci.jpg 1434w\" sizes=\"auto, (max-width: 1024px) 100vw, 1024px\" \/><\/figure>\n<\/div>\n\n<div class=\"wp-block-image\">\n<figure class=\"alignright size-full is-resized\"><img loading=\"lazy\" decoding=\"async\" width=\"500\" height=\"347\" src=\"https:\/\/www.turizmmuhabiri.com\/wp-content\/uploads\/2025\/09\/Sri-Lanka-Buyulelci4.jpg\" alt=\"\" class=\"wp-image-7129\" style=\"width:439px;height:auto\" srcset=\"https:\/\/www.turizmmuhabiri.com\/wp-content\/uploads\/2025\/09\/Sri-Lanka-Buyulelci4.jpg 500w, https:\/\/www.turizmmuhabiri.com\/wp-content\/uploads\/2025\/09\/Sri-Lanka-Buyulelci4-300x208.jpg 300w, https:\/\/www.turizmmuhabiri.com\/wp-content\/uploads\/2025\/09\/Sri-Lanka-Buyulelci4-218x150.jpg 218w, https:\/\/www.turizmmuhabiri.com\/wp-content\/uploads\/2025\/09\/Sri-Lanka-Buyulelci4-100x70.jpg 100w\" sizes=\"auto, (max-width: 500px) 100vw, 500px\" \/><\/figure>\n<\/div>\n\n\n<p>&nbsp;<strong>B\u00fcy\u00fckel\u00e7i\u2019den Sri Lanka Tan\u0131t\u0131m\u0131<\/strong><\/p>\n\n\n\n<p>Fuar i\u00e7in Ankara\u2019dan \u0130stanbul\u2019a gelen Sri Lanka\u2019n\u0131n T\u00fcrkiye B\u00fcy\u00fclel\u00e7isi Nikula Kadurugamuwa da fuarda \u00fclkesini tan\u0131tmak i\u00e7in yo\u011fun \u00e7aba harcad\u0131. Fuara Sri Lanka\u2019dan gelen Turizm Bakanl\u0131\u011f\u0131 yetkilisi Sasika Jayawrera ile birlikte standlar\u0131n\u0131 ziyaret edenlere tek tek ilgilenen B\u00fcy\u00fckel\u00e7i, sempatik davran\u0131\u015flar\u0131 ile de ilgi g\u00f6rd\u00fc. Nikula Kadurugamuwa Hint Okyanusunu cennet \u00fclkesi Sri Lanka hakk\u0131nda bilgiler verdi. Fuar\u0131n en \u00e7al\u0131\u015fkan \u00fcst d\u00fczey yetkilisi olarak \u00f6vg\u00fcler ald\u0131.<\/p>\n\n\n\n<figure class=\"wp-block-image size-full is-resized\"><img loading=\"lazy\" decoding=\"async\" width=\"500\" height=\"281\" src=\"https:\/\/www.turizmmuhabiri.com\/wp-content\/uploads\/2025\/09\/Fuar-2.jpg\" alt=\"\" class=\"wp-image-7127\" style=\"width:696px;height:auto\" srcset=\"https:\/\/www.turizmmuhabiri.com\/wp-content\/uploads\/2025\/09\/Fuar-2.jpg 500w, https:\/\/www.turizmmuhabiri.com\/wp-content\/uploads\/2025\/09\/Fuar-2-300x169.jpg 300w\" sizes=\"auto, (max-width: 500px) 100vw, 500px\" \/><\/figure>\n\n\n\n<figure class=\"wp-block-table\"><table><tbody><tr><td><\/td><td><\/td><\/tr><\/tbody><\/table><\/figure>\n","protected":false},"excerpt":{"rendered":"<p>Turizminin \u00f6nemli bulu\u015fmas\u0131\u00a0\u0130stanbul Turizm Fuar\u0131 (ITF 2025), Yenikap\u0131 \u2013 Avrasya G\u00f6steri ve Sanat Merkezi\u2019nde a\u00e7\u0131ld\u0131. Fuar 2 g\u00fcn s\u00fcr\u00fcyor. Fuar\u0131n a\u00e7\u0131l\u0131\u015f\u0131na KKTC Ba\u015fbakan Yard\u0131mc\u0131s\u0131, Turizm,\u00a0K\u00fclt\u00fcr, Gen\u00e7lik ve \u00c7evre Bakan\u0131 Fikri Atao\u011flu, \u0130stanbul Vali Yard\u0131mc\u0131s\u0131\u00a0Y\u00fccel Gemici, \u0130stanbul B\u00fcy\u00fck\u015fehir Belediyesi Ba\u015fkan Vekili Nuri Aslan ile \u00e7ok say\u0131da yetkili kat\u0131ld\u0131. Bu y\u0131l \u00fc\u00e7\u00fcnc\u00fcs\u00fc d\u00fczenlenen fuarda, 296 kat\u0131l\u0131mc\u0131 firma, [&hellip;]<\/p>\n","protected":false},"author":1,"featured_media":7126,"comment_status":"open","ping_status":"open","sticky":false,"template":"","format":"standard","meta":{"footnotes":""},"categories":[1],"tags":[],"class_list":{"0":"post-7124","1":"post","2":"type-post","3":"status-publish","4":"format-standard","5":"has-post-thumbnail","7":"category-uncategorized"},"_links":{"self":[{"href":"https:\/\/www.turizmmuhabiri.com\/index.php\/wp-json\/wp\/v2\/posts\/7124","targetHints":{"allow":["GET"]}}],"collection":[{"href":"https:\/\/www.turizmmuhabiri.com\/index.php\/wp-json\/wp\/v2\/posts"}],"about":[{"href":"https:\/\/www.turizmmuhabiri.com\/index.php\/wp-json\/wp\/v2\/types\/post"}],"author":[{"embeddable":true,"href":"https:\/\/www.turizmmuhabiri.com\/index.php\/wp-json\/wp\/v2\/users\/1"}],"replies":[{"embeddable":true,"href":"https:\/\/www.turizmmuhabiri.com\/index.php\/wp-json\/wp\/v2\/comments?post=7124"}],"version-history":[{"count":1,"href":"https:\/\/www.turizmmuhabiri.com\/index.php\/wp-json\/wp\/v2\/posts\/7124\/revisions"}],"predecessor-version":[{"id":7130,"href":"https:\/\/www.turizmmuhabiri.com\/index.php\/wp-json\/wp\/v2\/posts\/7124\/revisions\/7130"}],"wp:featuredmedia":[{"embeddable":true,"href":"https:\/\/www.turizmmuhabiri.com\/index.php\/wp-json\/wp\/v2\/media\/7126"}],"wp:attachment":[{"href":"https:\/\/www.turizmmuhabiri.com\/index.php\/wp-json\/wp\/v2\/media?parent=7124"}],"wp:term":[{"taxonomy":"category","embeddable":true,"href":"https:\/\/www.turizmmuhabiri.com\/index.php\/wp-json\/wp\/v2\/categories?post=7124"},{"taxonomy":"post_tag","embeddable":true,"href":"https:\/\/www.turizmmuhabiri.com\/index.php\/wp-json\/wp\/v2\/tags?post=7124"}],"curies":[{"name":"wp","href":"https:\/\/api.w.org\/{rel}","templated":true}]}}