{"id":7663,"date":"2026-01-04T18:16:10","date_gmt":"2026-01-04T18:16:10","guid":{"rendered":"https:\/\/www.turizmmuhabiri.com\/?p=7663"},"modified":"2026-01-04T18:31:25","modified_gmt":"2026-01-04T18:31:25","slug":"mersinin-103ncu-gurur-gunu","status":"publish","type":"post","link":"https:\/\/www.turizmmuhabiri.com\/index.php\/2026\/01\/04\/mersinin-103ncu-gurur-gunu\/","title":{"rendered":"Mersin\u2019in 103\u2019\u00fcnc\u00fc Gurur G\u00fcn\u00fc"},"content":{"rendered":"\n<p>Akdeniz\u2019in incisi Mersin, d\u00fc\u015fman i\u015fgalinden kurtulu\u015funun 103. Y\u0131l\u0131n\u0131 b\u00fcy\u00fck bir co\u015fkuyla kutlad\u0131.<\/p>\n\n\n<div class=\"wp-block-image\">\n<figure class=\"alignleft size-full is-resized\"><img loading=\"lazy\" decoding=\"async\" width=\"408\" height=\"581\" src=\"https:\/\/www.turizmmuhabiri.com\/wp-content\/uploads\/2024\/05\/HABIL.jpg\" alt=\"\" class=\"wp-image-2104\" style=\"aspect-ratio:0.7022295134873464;width:111px;height:auto\" srcset=\"https:\/\/www.turizmmuhabiri.com\/wp-content\/uploads\/2024\/05\/HABIL.jpg 408w, https:\/\/www.turizmmuhabiri.com\/wp-content\/uploads\/2024\/05\/HABIL-211x300.jpg 211w, https:\/\/www.turizmmuhabiri.com\/wp-content\/uploads\/2024\/05\/HABIL-295x420.jpg 295w\" sizes=\"auto, (max-width: 408px) 100vw, 408px\" \/><figcaption class=\"wp-element-caption\">Habil TANG\u00d6REN <\/figcaption><\/figure>\n<\/div>\n\n\n<p>Cumhuriyet Meydan\u0131nda d\u00fczenlenen 3 Ocak Kurtulu\u015f G\u00fcn\u00fc t\u00f6renleri, Atat\u00fcrk An\u0131t\u0131\u2019na \u00e7elenklerin sunulmas\u0131 ile ba\u015flad\u0131. Sayg\u0131 duru\u015funun ard\u0131ndan \u0130stiklal Mar\u015f\u0131m\u0131z\u0131n okunmas\u0131yla birlikte T\u00fcrk bayra\u011f\u0131 g\u00f6ndere \u00e7ekildi. So\u011fuk havaya ra\u011fmen Mersinlilerin b\u00fcy\u00fck ilgi g\u00f6sterdi\u011fi kutlama t\u00f6renleri kapsam\u0131nda Mersin Valisi Ali Hamza Pehlivan, Garnizon Komutan Vekili Tu\u011famiral Mehmet Sava\u015f Eser ve B\u00fcy\u00fck\u015fehir Belediye Ba\u015fkan\u0131 Vahap Se\u00e7er ile birlikte; t\u00f6ren i\u00e7in haz\u0131rlanan arac\u0131n \u00fcst\u00fcnde Mersinlilerin gurur g\u00fcn\u00fcn\u00fc kutlad\u0131.<\/p>\n\n\n\n<p>T\u00f6rende konu\u015fan &nbsp;Vali Pehlivan, \u015funlar\u0131 s\u00f6yledi: \u201cNecip Milletimiz, vatan\u0131na, devletine, bayra\u011f\u0131na, ba\u011f\u0131ms\u0131zl\u0131\u011f\u0131na tutkuyla ba\u011fl\u0131 bir millettir. T\u00fcrk Milleti, tarih boyunca hi\u00e7bir hal ve \u015fartta h\u00fcr ya\u015fam\u0131ndan \u00f6d\u00fcn vermemi\u015f, \u00fclkesinin birlik ve b\u00fct\u00fcnl\u00fc\u011f\u00fcne g\u00f6z dikenin kar\u015f\u0131s\u0131nda iman dolu g\u00f6\u011fs\u00fcn\u00fc siper etmi\u015f, \u00f6n\u00fcne \u00e7\u0131kan engelleri, cesaret ve kararl\u0131l\u0131kla bertaraf ederek tarihe damga vuran b\u00fcy\u00fck devletler kurmu\u015ftur.<\/p>\n\n\n\n<figure class=\"wp-block-image size-full is-resized\"><img loading=\"lazy\" decoding=\"async\" width=\"500\" height=\"333\" src=\"https:\/\/www.turizmmuhabiri.com\/wp-content\/uploads\/2026\/01\/mersin-6.jpg\" alt=\"\" class=\"wp-image-7666\" style=\"aspect-ratio:1.5015719581436817;width:904px;height:auto\" srcset=\"https:\/\/www.turizmmuhabiri.com\/wp-content\/uploads\/2026\/01\/mersin-6.jpg 500w, https:\/\/www.turizmmuhabiri.com\/wp-content\/uploads\/2026\/01\/mersin-6-300x200.jpg 300w\" sizes=\"auto, (max-width: 500px) 100vw, 500px\" \/><\/figure>\n\n\n\n<p>Vatan\u0131n\u0131, bayra\u011f\u0131n\u0131 ve ba\u011f\u0131ms\u0131zl\u0131\u011f\u0131n\u0131 can\u0131ndan aziz bilen milletimiz, kutsal\u0131na y\u00f6nelik sald\u0131r\u0131lara her defas\u0131nda tek y\u00fcrek olup kenetlenerek kar\u015f\u0131 koymu\u015f, b\u00fcy\u00fck fedak\u00e2rl\u0131klar ve e\u015fsiz kahramanl\u0131klar neticesinde i\u015fgalci d\u00fc\u015fman g\u00fc\u00e7lerini bertaraf etmeyi ba\u015farm\u0131\u015ft\u0131r. Aziz Milletimizin vatan a\u015fk\u0131n\u0131, ba\u011f\u0131ms\u0131zl\u0131k tutkusunu, birlik ve beraberlik ruhunu hi\u00e7e sayarak vatan\u0131m\u0131z\u0131n d\u00f6rt bir taraf\u0131nda i\u015fgale kalk\u0131\u015fan kuvvetlerin kar\u015f\u0131s\u0131na, Kuvayi Milliye birlikleri ile \u00e7\u0131kan; \u201cCan\u0131 canan\u0131 b\u00fct\u00fcn var\u0131m\u0131 als\u0131n da H\u00fcda, Etmesin tek vatan\u0131mdan beni d\u00fcnyada c\u00fcda\u201d inanc\u0131yla son neferi kalana dek m\u00fccadele etme kararl\u0131l\u0131\u011f\u0131n\u0131 g\u00f6steren kahraman ecdad\u0131m\u0131z, d\u00fc\u015fmana ge\u00e7it vermemi\u015ftir.<\/p>\n\n\n\n<figure class=\"wp-block-image size-full is-resized\"><img loading=\"lazy\" decoding=\"async\" width=\"500\" height=\"273\" src=\"https:\/\/www.turizmmuhabiri.com\/wp-content\/uploads\/2026\/01\/Mersin-8.jpg\" alt=\"\" class=\"wp-image-7665\" style=\"aspect-ratio:1.8316066624692346;width:881px;height:auto\" srcset=\"https:\/\/www.turizmmuhabiri.com\/wp-content\/uploads\/2026\/01\/Mersin-8.jpg 500w, https:\/\/www.turizmmuhabiri.com\/wp-content\/uploads\/2026\/01\/Mersin-8-300x164.jpg 300w\" sizes=\"auto, (max-width: 500px) 100vw, 500px\" \/><\/figure>\n\n\n\n<p>&nbsp;Mondros Antla\u015fmas\u0131n\u0131n \u00fczerinden hen\u00fcz bir hafta ge\u00e7mi\u015fken, zihnindeki kurtulu\u015f sava\u015f\u0131 me\u015falesini 19 May\u0131s 1919\u2019da Samsun\u2019da yakacak olan Gazi Mustafa Kemal Atat\u00fcrk\u2019\u00fcn, 5 Kas\u0131m 1918 tarihinde Mersin\u2019e geldi\u011finde s\u00f6yledi\u011fi; \u201cBizim i\u00e7in sava\u015f hen\u00fcz bitmedi, as\u0131l kurtulu\u015f sava\u015f\u0131na bundan sonra ba\u015flayaca\u011f\u0131z. Ona g\u00f6re haz\u0131rl\u0131kl\u0131 olmam\u0131z gerekir\u201d s\u00f6zlerini emir telakki eden Mersinliler, \u00fclkemizin d\u00f6rt bir yan\u0131nda oldu\u011fu gibi vatan\u0131, bayra\u011f\u0131, istiklali ve istikbali i\u00e7in can\u0131 pahas\u0131na b\u00fcy\u00fck bir m\u00fccadele ortaya koymu\u015ftur. Mersin&#8217;in y\u00fcre\u011fi vatan a\u015fk\u0131 ile \u00e7arpan kahraman evlatlar\u0131 yekv\u00fccut olarak topra\u011f\u0131na sahip \u00e7\u0131km\u0131\u015f, canlar\u0131 pahas\u0131na vermi\u015f olduklar\u0131 m\u00fccadeleleri 3 Ocak 1922\u2019de elde ettikleri kurtulu\u015f zaferiyle ta\u00e7land\u0131rm\u0131\u015ft\u0131r.\u201d<\/p>\n\n\n<div class=\"wp-block-image\">\n<figure class=\"alignleft size-full is-resized\"><img loading=\"lazy\" decoding=\"async\" width=\"500\" height=\"387\" src=\"https:\/\/www.turizmmuhabiri.com\/wp-content\/uploads\/2026\/01\/Mersin-9.jpg\" alt=\"\" class=\"wp-image-7667\" style=\"aspect-ratio:1.2920418298542415;width:496px;height:auto\" srcset=\"https:\/\/www.turizmmuhabiri.com\/wp-content\/uploads\/2026\/01\/Mersin-9.jpg 500w, https:\/\/www.turizmmuhabiri.com\/wp-content\/uploads\/2026\/01\/Mersin-9-300x232.jpg 300w\" sizes=\"auto, (max-width: 500px) 100vw, 500px\" \/><\/figure>\n<\/div>\n\n\n<p>T\u00f6rende B\u00fcy\u00fck\u015fehir Belediye Ba\u015fkan\u0131 Vahap Se\u00e7er ve Akdeniz B\u00f6lge ve Garnizon Komutanl\u0131\u011f\u0131ndan Deniz \u00dcste\u011fmen Yavuz Kaya da g\u00fcn\u00fcn anlam ve \u00f6nemini belirten konu\u015fmalar yapt\u0131. Kutlama t\u00f6renleri, \u00f6\u011frenciler taraf\u0131ndan okunan \u015fiirlerin ard\u0131ndan Maarif Halk Danslar\u0131, B\u00fcy\u00fck\u015fehir Belediyesi Halk Oyunlar\u0131 ekibi ve Jandarma Merasim B\u00f6l\u00fck Komutanl\u0131\u011f\u0131\u2019n\u0131n t\u00fcfekli hareketler g\u00f6steriyle devam etti. Kutlamalar, Jandarma \u00d6zel Asayi\u015f Komutanl\u0131\u011f\u0131 taraf\u0131ndan helikopterle ger\u00e7ekle\u015ftirilen ve uzun uzun alk\u0131\u015flanan \u2018\u00dcz\u00fcm Salk\u0131m\u0131\u2019 g\u00f6sterisiyle sona erdi.<\/p>\n\n\n\n<p><\/p>\n","protected":false},"excerpt":{"rendered":"<p>Akdeniz\u2019in incisi Mersin, d\u00fc\u015fman i\u015fgalinden kurtulu\u015funun 103. Y\u0131l\u0131n\u0131 b\u00fcy\u00fck bir co\u015fkuyla kutlad\u0131. Cumhuriyet Meydan\u0131nda d\u00fczenlenen 3 Ocak Kurtulu\u015f G\u00fcn\u00fc t\u00f6renleri, Atat\u00fcrk An\u0131t\u0131\u2019na \u00e7elenklerin sunulmas\u0131 ile ba\u015flad\u0131. Sayg\u0131 duru\u015funun ard\u0131ndan \u0130stiklal Mar\u015f\u0131m\u0131z\u0131n okunmas\u0131yla birlikte T\u00fcrk bayra\u011f\u0131 g\u00f6ndere \u00e7ekildi. So\u011fuk havaya ra\u011fmen Mersinlilerin b\u00fcy\u00fck ilgi g\u00f6sterdi\u011fi kutlama t\u00f6renleri kapsam\u0131nda Mersin Valisi Ali Hamza Pehlivan, Garnizon Komutan Vekili [&hellip;]<\/p>\n","protected":false},"author":1,"featured_media":7668,"comment_status":"open","ping_status":"open","sticky":false,"template":"","format":"standard","meta":{"footnotes":""},"categories":[49],"tags":[3351,2231,3350,258],"class_list":{"0":"post-7663","1":"post","2":"type-post","3":"status-publish","4":"format-standard","5":"has-post-thumbnail","7":"category-haber","8":"tag-ali-hamza-pehlivan","9":"tag-mersin-2","10":"tag-vahap-secer","11":"tag-vali"},"_links":{"self":[{"href":"https:\/\/www.turizmmuhabiri.com\/index.php\/wp-json\/wp\/v2\/posts\/7663","targetHints":{"allow":["GET"]}}],"collection":[{"href":"https:\/\/www.turizmmuhabiri.com\/index.php\/wp-json\/wp\/v2\/posts"}],"about":[{"href":"https:\/\/www.turizmmuhabiri.com\/index.php\/wp-json\/wp\/v2\/types\/post"}],"author":[{"embeddable":true,"href":"https:\/\/www.turizmmuhabiri.com\/index.php\/wp-json\/wp\/v2\/users\/1"}],"replies":[{"embeddable":true,"href":"https:\/\/www.turizmmuhabiri.com\/index.php\/wp-json\/wp\/v2\/comments?post=7663"}],"version-history":[{"count":4,"href":"https:\/\/www.turizmmuhabiri.com\/index.php\/wp-json\/wp\/v2\/posts\/7663\/revisions"}],"predecessor-version":[{"id":7671,"href":"https:\/\/www.turizmmuhabiri.com\/index.php\/wp-json\/wp\/v2\/posts\/7663\/revisions\/7671"}],"wp:featuredmedia":[{"embeddable":true,"href":"https:\/\/www.turizmmuhabiri.com\/index.php\/wp-json\/wp\/v2\/media\/7668"}],"wp:attachment":[{"href":"https:\/\/www.turizmmuhabiri.com\/index.php\/wp-json\/wp\/v2\/media?parent=7663"}],"wp:term":[{"taxonomy":"category","embeddable":true,"href":"https:\/\/www.turizmmuhabiri.com\/index.php\/wp-json\/wp\/v2\/categories?post=7663"},{"taxonomy":"post_tag","embeddable":true,"href":"https:\/\/www.turizmmuhabiri.com\/index.php\/wp-json\/wp\/v2\/tags?post=7663"}],"curies":[{"name":"wp","href":"https:\/\/api.w.org\/{rel}","templated":true}]}}