{"id":8102,"date":"2026-03-16T20:18:11","date_gmt":"2026-03-16T20:18:11","guid":{"rendered":"https:\/\/www.turizmmuhabiri.com\/?p=8102"},"modified":"2026-03-16T20:18:12","modified_gmt":"2026-03-16T20:18:12","slug":"ortayliya-saygi-otobusu","status":"publish","type":"post","link":"https:\/\/www.turizmmuhabiri.com\/index.php\/2026\/03\/16\/ortayliya-saygi-otobusu\/","title":{"rendered":"Ortayl\u0131&#8217;ya Sayg\u0131 Otob\u00fcs\u00fc"},"content":{"rendered":"\n<p>T\u00fcrkiye\u2019nin en \u00f6nemli tarih akademisyenlerinden ve \u201cgen\u00e7lere tarihi sevdiren ki\u015fi\u201d olarak an\u0131lan Prof. Dr. \u0130lber Ortayl\u0131\u2019n\u0131n vefat\u0131 sonras\u0131 \u0130ETT \u00f6zel bir sayg\u0131 otob\u00fcs\u00fc tasarlad\u0131 ve hizmete ald\u0131.<\/p>\n\n\n\n<p>1947 y\u0131l\u0131nda Avusturya\u2019da d\u00fcnyaya gelen, ya\u015fam\u0131 boyunca say\u0131s\u0131z esere imza atan ve katk\u0131 veren, devlet ni\u015fanlar\u0131 ba\u015fta olmak \u00fczere ulusal ve uluslararas\u0131 \u00e7ok say\u0131da prestijli \u00f6d\u00fcle sahip olan Prof. Dr. \u0130lber Ortayl\u0131 bilindi\u011fi gibi 13 Mart 2026\u2019da 79 ya\u015f\u0131nda vefat etti. \u00d6zellikle son y\u0131llarda kat\u0131ld\u0131\u011f\u0131 bir \u00e7ok etkinlik, destek verdi\u011fi eserler ve kat\u0131ld\u0131\u011f\u0131 programlar ile \u00f6zellikle T\u00fcrk tarihi ba\u015fta olmak \u00fczere, d\u00fcnya tarihine \u00f6zellikle gen\u00e7lerin yak\u0131ndan ilgi duymas\u0131n\u0131 sa\u011flayan duayen tarih hocas\u0131 Prof. Dr. \u0130lber Ortayl\u0131 i\u00e7in \u0130ETT \u00f6zel bir otob\u00fcs haz\u0131rlad\u0131.\u00a0Hocan\u0131n uzun y\u0131llar g\u00f6rev yapt\u0131\u011f\u0131 ve cenaze t\u00f6reninin de ger\u00e7ekle\u015fti\u011fi Galatasaray \u00dcniversitesi\u2019nin bulundu\u011fu b\u00f6lgede g\u00f6revlendiren \u201c\u0130lber Ortayl\u0131 Sayg\u0131 Otob\u00fcs\u00fc\u201d 57UL Be\u015fikta\u015f \u2013 Kuru\u00e7e\u015fme\u00fcst\u00fc hatt\u0131nda hizmet vermek i\u00e7in g\u00f6reve ba\u015flad\u0131.<\/p>\n\n\n<div class=\"wp-block-image\">\n<figure class=\"alignleft size-full is-resized\"><img loading=\"lazy\" decoding=\"async\" width=\"500\" height=\"333\" src=\"https:\/\/www.turizmmuhabiri.com\/wp-content\/uploads\/2026\/03\/Ilber-Ortayli-Otobusu2.jpg\" alt=\"\" class=\"wp-image-8105\" style=\"aspect-ratio:1.5015719581436817;width:903px;height:auto\" srcset=\"https:\/\/www.turizmmuhabiri.com\/wp-content\/uploads\/2026\/03\/Ilber-Ortayli-Otobusu2.jpg 500w, https:\/\/www.turizmmuhabiri.com\/wp-content\/uploads\/2026\/03\/Ilber-Ortayli-Otobusu2-300x200.jpg 300w\" sizes=\"auto, (max-width: 500px) 100vw, 500px\" \/><\/figure>\n<\/div>","protected":false},"excerpt":{"rendered":"<p>T\u00fcrkiye\u2019nin en \u00f6nemli tarih akademisyenlerinden ve \u201cgen\u00e7lere tarihi sevdiren ki\u015fi\u201d olarak an\u0131lan Prof. Dr. \u0130lber Ortayl\u0131\u2019n\u0131n vefat\u0131 sonras\u0131 \u0130ETT \u00f6zel bir sayg\u0131 otob\u00fcs\u00fc tasarlad\u0131 ve hizmete ald\u0131. 1947 y\u0131l\u0131nda Avusturya\u2019da d\u00fcnyaya gelen, ya\u015fam\u0131 boyunca say\u0131s\u0131z esere imza atan ve katk\u0131 veren, devlet ni\u015fanlar\u0131 ba\u015fta olmak \u00fczere ulusal ve uluslararas\u0131 \u00e7ok say\u0131da prestijli \u00f6d\u00fcle sahip olan [&hellip;]<\/p>\n","protected":false},"author":1,"featured_media":8104,"comment_status":"open","ping_status":"open","sticky":false,"template":"","format":"standard","meta":{"footnotes":""},"categories":[49],"tags":[217,1335,151,3502],"class_list":{"0":"post-8102","1":"post","2":"type-post","3":"status-publish","4":"format-standard","5":"has-post-thumbnail","7":"category-haber","8":"tag-iett","9":"tag-ilber-ortayli","10":"tag-otobus","11":"tag-saygi"},"_links":{"self":[{"href":"https:\/\/www.turizmmuhabiri.com\/index.php\/wp-json\/wp\/v2\/posts\/8102","targetHints":{"allow":["GET"]}}],"collection":[{"href":"https:\/\/www.turizmmuhabiri.com\/index.php\/wp-json\/wp\/v2\/posts"}],"about":[{"href":"https:\/\/www.turizmmuhabiri.com\/index.php\/wp-json\/wp\/v2\/types\/post"}],"author":[{"embeddable":true,"href":"https:\/\/www.turizmmuhabiri.com\/index.php\/wp-json\/wp\/v2\/users\/1"}],"replies":[{"embeddable":true,"href":"https:\/\/www.turizmmuhabiri.com\/index.php\/wp-json\/wp\/v2\/comments?post=8102"}],"version-history":[{"count":2,"href":"https:\/\/www.turizmmuhabiri.com\/index.php\/wp-json\/wp\/v2\/posts\/8102\/revisions"}],"predecessor-version":[{"id":8106,"href":"https:\/\/www.turizmmuhabiri.com\/index.php\/wp-json\/wp\/v2\/posts\/8102\/revisions\/8106"}],"wp:featuredmedia":[{"embeddable":true,"href":"https:\/\/www.turizmmuhabiri.com\/index.php\/wp-json\/wp\/v2\/media\/8104"}],"wp:attachment":[{"href":"https:\/\/www.turizmmuhabiri.com\/index.php\/wp-json\/wp\/v2\/media?parent=8102"}],"wp:term":[{"taxonomy":"category","embeddable":true,"href":"https:\/\/www.turizmmuhabiri.com\/index.php\/wp-json\/wp\/v2\/categories?post=8102"},{"taxonomy":"post_tag","embeddable":true,"href":"https:\/\/www.turizmmuhabiri.com\/index.php\/wp-json\/wp\/v2\/tags?post=8102"}],"curies":[{"name":"wp","href":"https:\/\/api.w.org\/{rel}","templated":true}]}}