{"id":8278,"date":"2026-04-25T13:13:17","date_gmt":"2026-04-25T13:13:17","guid":{"rendered":"https:\/\/www.turizmmuhabiri.com\/?p=8278"},"modified":"2026-04-25T13:25:14","modified_gmt":"2026-04-25T13:25:14","slug":"formula-yine-istanbulda","status":"publish","type":"post","link":"https:\/\/www.turizmmuhabiri.com\/index.php\/2026\/04\/25\/formula-yine-istanbulda\/","title":{"rendered":"Formula Yine \u0130stanbul\u2019da"},"content":{"rendered":"\n<p>K\u00fclt\u00fcr ve Turizm Bakan\u0131 Mehmet Nuri Ersoy, Gen\u00e7lik ve Spor Bakan\u0131 Osman A\u015fk\u0131n Bak ve TOSFED Ba\u015fkan\u0131 Eren \u00dc\u00e7lertopra\u011f\u0131&#8217;n\u0131n kat\u0131l\u0131m\u0131yla \u0130stanbul&#8217;un tekrar Formula 1 takvimine al\u0131nmas\u0131yla ilgili bas\u0131n toplant\u0131s\u0131 yap\u0131ld\u0131.<\/p>\n\n\n<div class=\"wp-block-image\">\n<figure class=\"alignleft size-full is-resized\"><img loading=\"lazy\" decoding=\"async\" width=\"400\" height=\"414\" src=\"https:\/\/www.turizmmuhabiri.com\/wp-content\/uploads\/2024\/03\/can-akyol.jpg\" alt=\"\" class=\"wp-image-1553\" style=\"aspect-ratio:0.9662200415172674;width:130px;height:auto\" srcset=\"https:\/\/www.turizmmuhabiri.com\/wp-content\/uploads\/2024\/03\/can-akyol.jpg 400w, https:\/\/www.turizmmuhabiri.com\/wp-content\/uploads\/2024\/03\/can-akyol-290x300.jpg 290w\" sizes=\"auto, (max-width: 400px) 100vw, 400px\" \/><figcaption class=\"wp-element-caption\">Can AKYOL<\/figcaption><\/figure>\n<\/div>\n\n\n<p>TOSFED \u0130stanbul Park&#8217;taki toplant\u0131 da 2027 y\u0131l\u0131 itibariyle en az 5 y\u0131l boyunca Formula 1 takvimine \u00fclkemizin de dahil edildi\u011fini vurgulayan Bakan Ersoy, &#8220;Bakanl\u0131k olarak Formula 1&#8217;in kazan\u0131mlar\u0131na odaklan\u0131yoruz. Formula 1&#8217;in, turizm talebini y\u00fczde 6 art\u0131rd\u0131\u011f\u0131n\u0131 g\u00f6r\u00fcyoruz. Tatil destinasyonu i\u00e7in daha \u00f6nce o \u015fehri d\u00fc\u015f\u00fcnmemi\u015f ki\u015filer i\u00e7in Formula 1 tercih sebebi oluyor\u201d dedi.<\/p>\n\n\n<div class=\"wp-block-image\">\n<figure class=\"alignright size-full\"><img loading=\"lazy\" decoding=\"async\" width=\"500\" height=\"412\" src=\"https:\/\/www.turizmmuhabiri.com\/wp-content\/uploads\/2026\/04\/BAKAN-ERSOY-4.jpg\" alt=\"\" class=\"wp-image-8282\" srcset=\"https:\/\/www.turizmmuhabiri.com\/wp-content\/uploads\/2026\/04\/BAKAN-ERSOY-4.jpg 500w, https:\/\/www.turizmmuhabiri.com\/wp-content\/uploads\/2026\/04\/BAKAN-ERSOY-4-300x247.jpg 300w\" sizes=\"auto, (max-width: 500px) 100vw, 500px\" \/><\/figure>\n<\/div>\n\n\n<p>\u0130stanbul&#8217;un iki k\u0131tan\u0131n birle\u015fme noktas\u0131 oldu\u011funu anlatan Bakan Ersoy, &#8220;Dersimizi \u00e7al\u0131\u015f\u0131p haz\u0131rl\u0131\u011f\u0131m\u0131z\u0131 en iyi \u015fekilde yapaca\u011f\u0131z. Singapur&#8217;da yap\u0131lan son yar\u0131\u015f\u0131 inceledik. Formula 1&#8217;in kald\u0131ra\u00e7 etkisini \u0130stanbul&#8217;a kanalize etmeliyiz. Formula 1, nitelikli turisti getirir. Singapur verileri, yar\u0131\u015f i\u00e7in gelenlerin toplam harcaman\u0131n y\u00fczde 40&#8217;\u0131n\u0131 olu\u015fturdu\u011funu ortaya koyuyor.&#8221; diye konu\u015ftu. \u201c\u0130mparatorluklar\u0131n ba\u015fkenti, medeniyetlerin bulu\u015fma noktas\u0131 olan \u0130stanbul, bu organizasyona haz\u0131r. T\u00fcrkiye Turizm Tan\u0131t\u0131m ve Geli\u015ftirme Ajans\u0131 (TGA), Formula 1 y\u00f6netimi ba\u015fta olmak \u00fczere pek \u00e7ok noktada ortak \u00e7al\u0131\u015fmalara ba\u015flad\u0131. Yar\u0131\u015f \u00f6ncesinde hedef d\u0131\u015f pazarlarda kapsaml\u0131 bir F1 kampanyas\u0131 uygulayaca\u011f\u0131z\u201d dedi.<\/p>\n\n\n<div class=\"wp-block-image\">\n<figure class=\"alignleft size-full is-resized\"><img loading=\"lazy\" decoding=\"async\" width=\"500\" height=\"388\" src=\"https:\/\/www.turizmmuhabiri.com\/wp-content\/uploads\/2026\/04\/SPOR-bAKANI-2.jpg\" alt=\"\" class=\"wp-image-8281\" style=\"aspect-ratio:1.288711691031372;width:479px;height:auto\" srcset=\"https:\/\/www.turizmmuhabiri.com\/wp-content\/uploads\/2026\/04\/SPOR-bAKANI-2.jpg 500w, https:\/\/www.turizmmuhabiri.com\/wp-content\/uploads\/2026\/04\/SPOR-bAKANI-2-300x233.jpg 300w\" sizes=\"auto, (max-width: 500px) 100vw, 500px\" \/><\/figure>\n<\/div>\n\n\n<p>Formula 1&#8217;de daha \u00f6nce g\u00f6rev alan herkesi dinleyerek yola \u00e7\u0131kt\u0131klar\u0131n\u0131 vurgulayan Bakan Osman A\u015fk\u0131n Bak da, &#8220;Gen\u00e7lerle bir araya geldi\u011fimizde &#8216;Formula 1 gelecek mi?&#8217; diye soruyorlard\u0131. D\u00fcnyada \u00e7e\u015fitli \u00fclkelerde yap\u0131lan ve belli maliyetleri olan bir organizasyon. B\u00fcy\u00fck bir end\u00fcstri. Ama \u015fu heyecan\u0131 anlatmak istiyoruz, buras\u0131 art\u0131k gen\u00e7ler i\u00e7in bir \u00e7ekim merkezi. Gen\u00e7ler, binlerce, milyonlarca gen\u00e7 taraf\u0131ndan takip edilen organizasyonun par\u00e7as\u0131 olacaklar. Buras\u0131 art\u0131k T\u00fcrkiye&#8217;de adrenalinin, enerjinin merkezi olacak. M\u00fcthi\u015f bir ba\u015flang\u0131\u00e7&#8221; diye konu\u015ftu.<\/p>\n\n\n<div class=\"wp-block-image\">\n<figure class=\"alignright size-full is-resized\"><img loading=\"lazy\" decoding=\"async\" width=\"500\" height=\"397\" src=\"https:\/\/www.turizmmuhabiri.com\/wp-content\/uploads\/2026\/04\/fORMULA-1.jpg\" alt=\"\" class=\"wp-image-8280\" style=\"aspect-ratio:1.259495414649506;width:487px;height:auto\" srcset=\"https:\/\/www.turizmmuhabiri.com\/wp-content\/uploads\/2026\/04\/fORMULA-1.jpg 500w, https:\/\/www.turizmmuhabiri.com\/wp-content\/uploads\/2026\/04\/fORMULA-1-300x238.jpg 300w\" sizes=\"auto, (max-width: 500px) 100vw, 500px\" \/><\/figure>\n<\/div>\n\n\n<p>Duygusal ve \u00f6nemli bir g\u00fcn ya\u015fad\u0131klar\u0131n\u0131 ileri s\u00fcren TOSFED Ba\u015fkan\u0131 Eren \u00dc\u00e7lertopra\u011f\u0131 da <strong>\u201c<\/strong>Uzun s\u00fcren bir yolculu\u011fun sonuna geldiklerini belirtti. \u00dc\u00e7lertopra\u011f\u0131, bu hayalin 10 y\u0131l \u00f6nce ba\u015flad\u0131\u011f\u0131n\u0131 belirtti. Serkan Yaz\u0131c\u0131&#8217;n\u0131n 2016 y\u0131l\u0131nda federasyon ba\u015fkan\u0131 olmas\u0131yla bir\u00e7ok \u015feyin de\u011fi\u015fti\u011fini vurgulad\u0131 ve, &#8220;Serkan Yaz\u0131c\u0131, federasyon ba\u015fkanl\u0131\u011f\u0131n\u0131 ald\u0131\u011f\u0131nda durum pek i\u00e7 a\u00e7\u0131c\u0131 de\u011fildi. Devletle ba\u011flar\u0131 kopmu\u015f bir federasyon vard\u0131. \u00c7ok \u015f\u00fck\u00fcr \u015fimdi devletimizden ald\u0131\u011f\u0131m\u0131z g\u00fc\u00e7le \u00e7ok \u00f6nemli bir misyonu yerine getiriyoruz. Say\u0131n Cumhurba\u015fkan\u0131m\u0131z\u0131n bu projeye icazet ve izin vermesi \u00e7ok \u00f6nemliydi. Devletimizin sa\u011flad\u0131\u011f\u0131 imkanlarla \u00e7ok \u00f6nemli bir ba\u015far\u0131 elde etti\u011fimizi d\u00fc\u015f\u00fcn\u00fcyorum. Pist 10 y\u0131l\u0131 a\u015fk\u0131n bir s\u00fcredir herhangi bir yar\u0131\u015fa kapal\u0131yd\u0131. Bug\u00fcn ne mutlu ki \u00fclkemize Formula 1&#8217;i geri getirece\u011fiz. Formula 1&#8217;i \u00fclkemize getirebilmek \u00e7ok \u00f6nemli. 15 ay boyunca m\u00fczakereler s\u00fcrd\u00fc. Buna ba\u011fl\u0131 olarak ciddi operasyonel sorumluluk oldu. Formula 1&#8217;in d\u00fcnyadaki ilgisi, elde edilen ba\u015far\u0131lar \u00e7ok \u00f6nemli bir hal ald\u0131. Herkese \u015f\u00fckranlar\u0131m\u0131 sunuyorum&#8221; a\u00e7\u0131klamas\u0131n\u0131 yapt\u0131.<\/p>\n\n\n\n<p>Konu\u015fmalar\u0131n ard\u0131ndan K\u00fclt\u00fcr ve Turizm Bakan\u0131 Mehmet Nuri Ersoy, Gen\u00e7lik ve Spor Bakan\u0131 Osman A\u015fk\u0131n Bak ve TOSFED Ba\u015fkan\u0131 Eren \u00dc\u00e7lertopra\u011f\u0131 pistte incelemelerde bulundu. Bakan Ersoy ve Bakan Bak&#8217;\u0131n damal\u0131 bayrakla verdi\u011fi start\u0131n ard\u0131ndan Red Bull tak\u0131m\u0131na ait ara\u00e7 ile Patrick Friesacher, \u0130stanbul Park&#8217;ta g\u00f6steri s\u00fcr\u00fc\u015f\u00fc yapt\u0131.<\/p>\n","protected":false},"excerpt":{"rendered":"<p>K\u00fclt\u00fcr ve Turizm Bakan\u0131 Mehmet Nuri Ersoy, Gen\u00e7lik ve Spor Bakan\u0131 Osman A\u015fk\u0131n Bak ve TOSFED Ba\u015fkan\u0131 Eren \u00dc\u00e7lertopra\u011f\u0131&#8217;n\u0131n kat\u0131l\u0131m\u0131yla \u0130stanbul&#8217;un tekrar Formula 1 takvimine al\u0131nmas\u0131yla ilgili bas\u0131n toplant\u0131s\u0131 yap\u0131ld\u0131. TOSFED \u0130stanbul Park&#8217;taki toplant\u0131 da 2027 y\u0131l\u0131 itibariyle en az 5 y\u0131l boyunca Formula 1 takvimine \u00fclkemizin de dahil edildi\u011fini vurgulayan Bakan Ersoy, &#8220;Bakanl\u0131k olarak [&hellip;]<\/p>\n","protected":false},"author":1,"featured_media":6577,"comment_status":"open","ping_status":"open","sticky":false,"template":"","format":"standard","meta":{"footnotes":""},"categories":[1],"tags":[],"class_list":{"0":"post-8278","1":"post","2":"type-post","3":"status-publish","4":"format-standard","5":"has-post-thumbnail","7":"category-uncategorized"},"_links":{"self":[{"href":"https:\/\/www.turizmmuhabiri.com\/index.php\/wp-json\/wp\/v2\/posts\/8278","targetHints":{"allow":["GET"]}}],"collection":[{"href":"https:\/\/www.turizmmuhabiri.com\/index.php\/wp-json\/wp\/v2\/posts"}],"about":[{"href":"https:\/\/www.turizmmuhabiri.com\/index.php\/wp-json\/wp\/v2\/types\/post"}],"author":[{"embeddable":true,"href":"https:\/\/www.turizmmuhabiri.com\/index.php\/wp-json\/wp\/v2\/users\/1"}],"replies":[{"embeddable":true,"href":"https:\/\/www.turizmmuhabiri.com\/index.php\/wp-json\/wp\/v2\/comments?post=8278"}],"version-history":[{"count":4,"href":"https:\/\/www.turizmmuhabiri.com\/index.php\/wp-json\/wp\/v2\/posts\/8278\/revisions"}],"predecessor-version":[{"id":8287,"href":"https:\/\/www.turizmmuhabiri.com\/index.php\/wp-json\/wp\/v2\/posts\/8278\/revisions\/8287"}],"wp:featuredmedia":[{"embeddable":true,"href":"https:\/\/www.turizmmuhabiri.com\/index.php\/wp-json\/wp\/v2\/media\/6577"}],"wp:attachment":[{"href":"https:\/\/www.turizmmuhabiri.com\/index.php\/wp-json\/wp\/v2\/media?parent=8278"}],"wp:term":[{"taxonomy":"category","embeddable":true,"href":"https:\/\/www.turizmmuhabiri.com\/index.php\/wp-json\/wp\/v2\/categories?post=8278"},{"taxonomy":"post_tag","embeddable":true,"href":"https:\/\/www.turizmmuhabiri.com\/index.php\/wp-json\/wp\/v2\/tags?post=8278"}],"curies":[{"name":"wp","href":"https:\/\/api.w.org\/{rel}","templated":true}]}}