{"id":8289,"date":"2026-04-26T20:39:04","date_gmt":"2026-04-26T20:39:04","guid":{"rendered":"https:\/\/www.turizmmuhabiri.com\/?p=8289"},"modified":"2026-04-27T03:57:00","modified_gmt":"2026-04-27T03:57:00","slug":"kuba-icin-sanatcilar-birlesti","status":"publish","type":"post","link":"https:\/\/www.turizmmuhabiri.com\/index.php\/2026\/04\/26\/kuba-icin-sanatcilar-birlesti\/","title":{"rendered":"K\u00fcba \u0130\u00e7in Sanat\u00e7\u0131lar Birle\u015fti"},"content":{"rendered":"\n<p>G\u00f6rsel Sanatlar \u0130nisiyatifi \u00fcyesi sanat\u00e7\u0131lar, K\u00fcba ya destek amac\u0131 ile Ankara\u2019da sergi a\u00e7\u0131yor. Sergi 27 Nisan 8 May\u0131s tarihleri aras\u0131nda Detay Sanat Galerisi\u2019nde. Sergilenen eserlerden elde edilen gelirin, Ankara\u2019daki K\u00fcba Dostluk Derne\u011fi arac\u0131l\u0131\u011f\u0131 ile K\u00fcba\u2019daki sanat\u00e7\u0131lara g\u00f6nderilmesi planland\u0131.<\/p>\n\n\n\n<p>Serginin, Jose Marti K\u00fcba Dostluk Derne\u011fi ve k\u0131sa ad\u0131 THTM olan T\u00fcrkiye Halk Temsilciler Meclisi G\u00f6rsel Sanatlar \u0130nisiyatifi taraf\u0131ndan organize edildi\u011fini belirten ressam Osman Tali, sergi i\u00e7in duygular\u0131n\u0131 s\u00f6yle a\u00e7\u0131klad\u0131; \u201cK\u00fcba i\u00e7in sergi g\u00fcndeme gelince \u00e7ok heyecanland\u0131m. Hemen o ak\u015fam evde ana tasla\u011f\u0131 olu\u015fturdum. Tuvalimin ba\u015f\u0131na oturdum ve resim yapmaya ba\u015flad\u0131m. K\u0131sa s\u00fcrede tamamlad\u0131m. K\u00fcba\u2019daki bizim i\u00e7in \u00e7ok de\u011ferli. Yan\u0131 ba\u015flar\u0131ndaki emperyalist ABD ve onun koydu\u011fu ambargoya dimdik m\u00fccadele ediyorlar. Benim ve arkada\u015flar\u0131m\u0131n bu ambargoya ra\u011fmen onlara nas\u0131l faydal\u0131 olabiliriz? diye d\u00fc\u015f\u00fcnerek bu karar\u0131 ald\u0131k. Biz sanatla u\u011fra\u015fanlar olarak eme\u011fimizle bilgi ve becerinizle bir eser ortaya koymaya \u00e7al\u0131\u015ft\u0131k. M\u00fchim olan ikinci k\u0131s\u0131mda bu \u00e7al\u0131\u015fmalar\u0131n hak etti\u011fi de\u011fer \u00fczerinden sat\u0131\u015flar\u0131n yap\u0131lmas\u0131 ve toplanan gelirin de K\u00fcba\u2019daki sanat\u00e7\u0131 dostlara aktar\u0131lmas\u0131.\u201d<\/p>\n\n\n\n<figure class=\"wp-block-image size-full is-resized\"><img loading=\"lazy\" decoding=\"async\" width=\"500\" height=\"332\" src=\"https:\/\/www.turizmmuhabiri.com\/wp-content\/uploads\/2026\/04\/IMG_5402.png\" alt=\"\" class=\"wp-image-8292\" style=\"aspect-ratio:1.5060949781145574;width:915px;height:auto\" srcset=\"https:\/\/www.turizmmuhabiri.com\/wp-content\/uploads\/2026\/04\/IMG_5402.png 500w, https:\/\/www.turizmmuhabiri.com\/wp-content\/uploads\/2026\/04\/IMG_5402-300x199.png 300w\" sizes=\"auto, (max-width: 500px) 100vw, 500px\" \/><\/figure>\n\n\n\n<p>Osman Tali sergiye resim, foto\u011fraf, karikat\u00fcr, heykel ve dijital sanatlardan olu\u015fan eserlerini sanat\u00e7\u0131lar\u0131n ba\u011f\u0131\u015flad\u0131\u011f\u0131n\u0131 belirterek sanat\u00e7\u0131lar\u0131n isimlerini \u015f\u00f6yle s\u0131ralad\u0131; Aptulika (Karikat\u00fcr), Abidin Celal Binzet (Resim), Abidin Dino (Desen\/Bask\u0131), Adnan Do\u011fan (Desen), Adnan \u00d6zsekmen (Heykel), Ahmet Umur Deniz (Resim), Ali K\u0131l\u0131\u00e7 (Resim), Arzu Adal\u0131 (Foto\u011fraf), Arzu K\u0131l\u0131\u00e7do\u011fan (Resim), Asl\u0131 \u0130\u015f\u0131ksal (Resim), Asl\u0131han Kaplan Bayrak (Resim), Atilla Atala (Resim), Ay\u00e7a Bu\u011flagil (Resim), Ayla Aksoyo\u011flu (Resim), Aynur Yavuz (Resim), Ayten K\u00f6se (Karikat\u00fcr), Ayten Timuro\u011flu (Resim), Aziz Yavuzdo\u011fan (Karikat\u00fcr), Bahad\u0131r Alt\u0131n (Resim), Bartis Silviu (Karikat\u00fcr), Beg\u00fcm Deniz (Resim), Belgin Ak\u0131n (Resim), Belgin Bab\u00fcr (Resim), Belgin Yasino\u011flu (Resim), Bengisu \u00c7ayg\u00fcr (Foto\u011fraf), Bengisu Muazzez Kurtulu\u015f (Resim\/Dijital Sanat), Berrin Nurullaho\u011flu (Resim), Beyhan \u00c7eren\u00e7e (Resim), Birsen K\u00fcpeli (Resim), Burak Gen\u00e7 (Resim), Canan Cafero\u011flu (Resim), Canol Kocag\u00f6z (Karikat\u00fcr), Cebrail \u00d6tg\u00fcn (Resim), Celal Mutlu (Resim), Cihat Aral (Resim), Co\u015fkun Aral (Foto\u011fraf), Co\u015fkun G\u00f6le (Karikat\u00fcr), C\u00fcneyt \u00d6zyer (Resim\/Dijital Sanat), Dil\u015fad Atasoy (Resim), D\u00fcrnaz Ak\u015fit (Resim), Duygu G. Kurtulu\u015f (Resim\/Dijital Sanat), D\u00fcnya Dural (Resim), E. Haktan Alt\u0131n (Resim\/Dijital Sanat), Ecem Edizkan (Resim), Ekrem Borazan (Karikat\u00fcr), Ekrem Kahraman (Resim), Elif Ajdarkosh (Resim) Elif Melda Kurt (Foto\u011fraf Bask\u0131s\u0131), Emin Ara\u00e7 (Foto\u011fraf), Emre Y\u0131lmaz (Karikat\u00fcr), Engin Esen (Resim), Engin G\u00fcneysu (Foto\u011fraf), Ercan Akyol (Karikat\u00fcr), Ercan Y\u0131lmaz (Heykel), Erdo\u011fan Kam\u0131\u015f (Resim), Erdo\u011fan Karayel (Karikat\u00fcr), Erhan Nal\u00e7ac\u0131 (Foto\u011fraf), Erol Bat\u0131rbek (Resim), Fato\u015f Aslan Sava\u015f (Resim), Ferit Avc\u0131 (Karikat\u00fcr), Fevzi Kayg\u0131 (Resim), Fide Lale Durak (Resim), Gamze Kaftano\u011flu (Resim), Gaye Denizci (Resim), G\u00fcltekin \u00d6zcan (Resim), Hakan Bulut (Foto\u011fraf), Hale G\u00fcne\u015f (Mozaik), Halime G\u00fclden \u00d6zener (Resim), Haluk Aytuna (Resim), Hamza Saykan (Resim), Handan Orhan \u00d6zt\u00fcrk (Resim), Hande Akal\u0131n (Resim), Hasan Pekmezci (Resim), Hilal Arpac\u0131o\u011flu (Resim) H\u00fcseyin Macar (Resim), H\u00fclya Er\u015fahin (Karikat\u00fcr), H\u00fclya Y\u00fccel (Resim), I\u015f\u0131l Dural (Resim), \u0130rfan \u00c7ift\u00e7i (Resim), \u0130rfan Ertel (Resim), \u0130zel Rozental (Karikat\u00fcr), Levent Karao\u011flu (Foto\u011fraf), Mehmet Aksoy (Heykel), Mehmet Y\u0131lmaz (Resim), Mehmet Uygur (Resim), Mehmet Zeber (Karikat\u00fcr), Melek Funda \u015een\u00e7i\u00e7ek (Resim), Meral Nal\u00e7ac\u0131 (Resim), Mesut Eren (Resim), Metin Yurdanur (Heykel), Mine \u00c7ak\u0131r (Resim), Murat Bergi (Foto\u011fraf), Murat Germen (Foto\u011fraf), Murat Ye\u015filg\u00f6z (Resim), Mustafa Y\u0131ld\u0131z (Karikat\u00fcr), Mustafa D\u00fczg\u00fcn (Resim), Mustafa \u00d6zel (Resim), Naz\u0131m Serhat Firat (Foto\u011fraf), Nevzat Varhan (Karikat\u00fcr), Nimet Din\u00e7er (Resim), Onur Aras (Resim), Onur G\u00fcng\u00f6r (Resim), Onur Yakut (Resim), Osman Tali (Resim), Oya Benlio\u011flu G\u00fcle\u015fan (Resim), \u00d6mer Ko\u00e7a\u011f (Resim), Re\u015fit Yakal\u0131 (Karikat\u00fcr), Reyhan Abac\u0131o\u011flu (Resim), Rukiye Epli Dede (Resim), Saadet G\u00f6zde (Resim), Sait Munzur (Karikat\u00fcr), Sel\u00e7uk \u00d6zel (Heykel), Selma Durukano\u011flu (Foto\u011fraf), Sema Bi\u00e7er (Resim), Serdar \u015eencan (Resim), Sernur At\u0131c\u0131 (Resim). Serpil Atag\u00f6z (Resim). Sevgi Sar\u0131y\u0131ld\u0131z (Resim), Seyit Saat\u00e7i (Karikat\u00fcr), Suat Ungan (Resim), \u015eaylan \u00d6zy\u0131lmaz (Resim), \u015eeref Arda Erba\u015f (Heykel), \u015eirin Y\u0131lmaz (Resim), Tu\u011frul \u00c7utsay (Resim), U\u011fur Kenan (Resim), Ulas \u00d4zer (Heykel), Umut Germe\u00e7 (Resim), \u00dclk\u00fc G\u00fcnay (Resim), \u00dclk\u00fc Kaya Karabiber (Resim), \u00dcmit Erzurumlu (Resim), Yaman Nasif (Resim), Yaprak Durak (Resim), Yasemin Y\u0131lmaz Bezci (Resim), Yusuf Emino\u011flu (Foto\u011fraf), Zehra Aral (Resim), Zuhal Arda (Resim), Z\u00fcmr\u00fct Umako\u011flu (Resim)<\/p>\n\n\n\n<p><\/p>\n","protected":false},"excerpt":{"rendered":"<p>G\u00f6rsel Sanatlar \u0130nisiyatifi \u00fcyesi sanat\u00e7\u0131lar, K\u00fcba ya destek amac\u0131 ile Ankara\u2019da sergi a\u00e7\u0131yor. Sergi 27 Nisan 8 May\u0131s tarihleri aras\u0131nda Detay Sanat Galerisi\u2019nde. Sergilenen eserlerden elde edilen gelirin, Ankara\u2019daki K\u00fcba Dostluk Derne\u011fi arac\u0131l\u0131\u011f\u0131 ile K\u00fcba\u2019daki sanat\u00e7\u0131lara g\u00f6nderilmesi planland\u0131. Serginin, Jose Marti K\u00fcba Dostluk Derne\u011fi ve k\u0131sa ad\u0131 THTM olan T\u00fcrkiye Halk Temsilciler Meclisi G\u00f6rsel Sanatlar [&hellip;]<\/p>\n","protected":false},"author":1,"featured_media":8291,"comment_status":"open","ping_status":"open","sticky":false,"template":"","format":"standard","meta":{"footnotes":""},"categories":[49],"tags":[162,3545,3444,3324],"class_list":{"0":"post-8289","1":"post","2":"type-post","3":"status-publish","4":"format-standard","5":"has-post-thumbnail","7":"category-haber","8":"tag-abd","9":"tag-gorsel-sanatlar-insiyatifi","10":"tag-kuba-2","11":"tag-osman-tali"},"_links":{"self":[{"href":"https:\/\/www.turizmmuhabiri.com\/index.php\/wp-json\/wp\/v2\/posts\/8289","targetHints":{"allow":["GET"]}}],"collection":[{"href":"https:\/\/www.turizmmuhabiri.com\/index.php\/wp-json\/wp\/v2\/posts"}],"about":[{"href":"https:\/\/www.turizmmuhabiri.com\/index.php\/wp-json\/wp\/v2\/types\/post"}],"author":[{"embeddable":true,"href":"https:\/\/www.turizmmuhabiri.com\/index.php\/wp-json\/wp\/v2\/users\/1"}],"replies":[{"embeddable":true,"href":"https:\/\/www.turizmmuhabiri.com\/index.php\/wp-json\/wp\/v2\/comments?post=8289"}],"version-history":[{"count":4,"href":"https:\/\/www.turizmmuhabiri.com\/index.php\/wp-json\/wp\/v2\/posts\/8289\/revisions"}],"predecessor-version":[{"id":8296,"href":"https:\/\/www.turizmmuhabiri.com\/index.php\/wp-json\/wp\/v2\/posts\/8289\/revisions\/8296"}],"wp:featuredmedia":[{"embeddable":true,"href":"https:\/\/www.turizmmuhabiri.com\/index.php\/wp-json\/wp\/v2\/media\/8291"}],"wp:attachment":[{"href":"https:\/\/www.turizmmuhabiri.com\/index.php\/wp-json\/wp\/v2\/media?parent=8289"}],"wp:term":[{"taxonomy":"category","embeddable":true,"href":"https:\/\/www.turizmmuhabiri.com\/index.php\/wp-json\/wp\/v2\/categories?post=8289"},{"taxonomy":"post_tag","embeddable":true,"href":"https:\/\/www.turizmmuhabiri.com\/index.php\/wp-json\/wp\/v2\/tags?post=8289"}],"curies":[{"name":"wp","href":"https:\/\/api.w.org\/{rel}","templated":true}]}}